{"id":1392,"date":"2013-09-28T11:43:59","date_gmt":"2013-09-28T11:43:59","guid":{"rendered":"http:\/\/ilvaloredellepiccolecose.it\/?p=1392"},"modified":"2013-09-28T12:01:22","modified_gmt":"2013-09-28T12:01:22","slug":"salviamo-lorto-botanico-di-palermo-e-i-suoi-lavoratori-precari-da-lungo-corso-di-aldo-di-vita","status":"publish","type":"post","link":"https:\/\/ilvaloredellepiccolecose.it\/?p=1392","title":{"rendered":"Salviamo l\u2019orto botanico di Palermo e i suoi lavoratori precari di lungo corso, di Aldo Di Vita"},"content":{"rendered":"<div>\n<h2><a href=\"http:\/\/ilvaloredellepiccolecose.it\/?attachment_id=1147\" rel=\"attachment wp-att-1147\"><img loading=\"lazy\" decoding=\"async\" class=\"alignnone size-full wp-image-1147\" alt=\"Foto Pippo Russo e Aldo Di Vita\" src=\"http:\/\/ilvaloredellepiccolecose.it\/wp-content\/uploads\/2013\/06\/Foto-Pippo-Russo-e-Aldo-Di-Vita1.jpg\" width=\"383\" height=\"529\" srcset=\"https:\/\/ilvaloredellepiccolecose.it\/wp-content\/uploads\/2013\/06\/Foto-Pippo-Russo-e-Aldo-Di-Vita1.jpg 383w, https:\/\/ilvaloredellepiccolecose.it\/wp-content\/uploads\/2013\/06\/Foto-Pippo-Russo-e-Aldo-Di-Vita1-217x300.jpg 217w\" sizes=\"auto, (max-width: 383px) 100vw, 383px\" \/><\/a><\/h2>\n<\/div>\n<div><\/div>\n<div>\n<p>L\u2019orto botanico di Palermo rischia la paralisi per la spregiudicata macelleria sociale che continua ad imporre tagli alla spesa pubblica.<\/p>\n<p>L\u2019orto botanico oltre ad essere un bene culturale e patrimoniale della collettivit\u00e0 nazionale ed Europea, \u00e8 uno dei pi\u00f9 famosi al mondo con le sue 12 mila specie di piante.<\/p>\n<p>Ormai \u00e8 usuale in questo paese che chi governa fa uso di manovre e tagli mortificanti mettendo in serio pericolo anche quelle strutture che rappresentano la nostra ricchezza patrimoniale artistica e culturale, importante per la sopravvivenza stessa del paese, che alimenta economia e settori come il turismo, la cultura, lo studio e la ricerca.<!--more--><\/p>\n<p>Nel caso specifico dell\u2019orto botanico, oltre al richiamo turistico, lo studio delle piante e la ricerca, si possono ammirare rarit\u00e0 di piante che, senza una simile struttura, si sarebbero estinte.<\/p>\n<p>Tutto questo comporta anche la sopravvivenza del pianeta, perch\u00e9 lo studio della botanica \u00e8 anche il futuro dell\u2019ambiente in cui noi viviamo.<\/p>\n<p>Senza la necessaria cura e manutenzione delle piante e della struttura monumentale, tutto andrebbe in malora.<\/p>\n<p>Notevole sar\u00e0 il danno alla cultura, allo studio della botanica e della ricerca scientifica.<\/p>\n<p>Inoltre il grave danno economico ridurrebbe ancora di pi\u00f9 la presenza del turismo nella nostra citt\u00e0.<\/p>\n<p>E&#8217; doveroso ricordare, che la struttura architettonica dell\u2019orto botanico e&#8217; di grande importanza monumentale e d&#8217; immenso valore artistico.<\/p>\n<p>Al momento, la struttura si deve confrontare con un\u2019ingiusta realt\u00e0: i lavoratori addetti alla cura delle piante e la manutenzione della struttura che attualmente vantano 27 anni d\u2019attivit\u00e0 ad alta specializzazione di giardinaggio, rischiano il posto di lavoro per mancanza di fondi.<\/p>\n<p>In questi anni di totale precariato e lavoro a tempo determinato, con paghe da fame, hanno dato tutta la loro disponibilit\u00e0 professionale per la cura dell\u2019orto botanico, con grande spirito di buona volont\u00e0, anche se sotto pagati e costretti a lavorare periodiodicamente. Oggi reclamano un lavoro certo e stabile con un contratto possibilmente umano e dignitoso. Per continuare a dare con amore e dedizione il loro apporto vitale, per la sopravvivenza stessa dell\u2019orto botanico, il migliore e il pi\u00f9 grande d\u2019Europa.<\/p>\n<p>Oggi la loro vita lavorativa e&#8217; in serio pericolo, perch\u00e9 l\u2019intera classe politica siciliana nella sua incapacit\u00e0 non riesce a trovare soluzioni, per il bene dei lavoratori, il bene della citt\u00e0 di Palermo e della cultura.<\/p>\n<p>Come sapete gi\u00e0 da qualche tempo chi gestisce questi enti, spesso \u00e8 politicizzato, cos\u00ec si finisce sempre per impantanarsi nelle sabbie mobili delle burocrazie amministrative, come la Regione Siciliana, che da sempre vive nell\u2019immobilismo, dove l\u2019unica risorsa funzionante e&#8217; la corsa al potere, dove i partiti si spartiscono le poltrone e i politici super pagati vanno a scaldare le sedie per curare i propri interessi, tranne quelli delle persone e della Regione Sicilia.<\/p>\n<p>Non basta giustificare con manovre economiche, e tagli alla spesa pubblica indiscriminati e mirati a distruggere settori di principale importanza, per la sopravvivenza economica del paese come il turismo, lo studio e la ricerca scientifica. E&#8217; compito del Parlamento tutelare e garantire lo sviluppo del paese controllando anche il lavoro delle varie regioni d\u2019Italia e garantendo loro il fabbisogno economico di copertura nei casi specifici.<\/p>\n<p>Le istituzioni interessate alla questione (orto botanico di Palermo), Universit\u00e0 e poi Regione hanno, di fatto, attuato un piano di graduale licenziamento, riduzione del personale e delle ore lavorative pur sapendo, che il personale vive ormai da anni in una sorta di precariato infinito, che dura da ben 27 anni, questa e&#8217; da considerare una vera e propria vergogna all\u2019italiana, e&#8217; una forma di lavoro schiavista e di capestro, senza futuro con paghe che offendono la dignit\u00e0 del lavoratore.<\/p>\n<p>Faccio un appello al buon hsenso e al rispetto della sovranit\u00e0 popolare, ai politici d\u2019ogni amministrazione nazionale regionale e comunale, finche&#8217; si mobilitino con seriet\u00e0 per le necessita&#8217; del paese e per garantire sempre un futuro di qualit\u00e0, per la citt\u00e0 di Palermo e la nazione intera, agli occhi del mondo, ricordando sempre che l\u2019Italia e&#8217; la culla della civilt\u00e0 e la storia dell\u2019intera umanit\u00e0, con un patrimonio artistico-culturale che va difeso dall\u2019apatia sconsiderata di alcuni, ce promosso nel mondo per la sua infinita bellezza.<\/p>\n<p>&nbsp;<\/p>\n<p>Aldo Di Vita\u00a0\u00a0\u00a0\u00a0\u00a0\u00a0\u00a0\u00a0\u00a0\u00a0\u00a0\u00a0\u00a0\u00a0\u00a0\u00a0\u00a0\u00a0\u00a0\u00a0\u00a0\u00a0\u00a0\u00a0\u00a0\u00a0\u00a0\u00a0\u00a0\u00a0\u00a0\u00a0\u00a0\u00a0\u00a0\u00a0\u00a0\u00a0\u00a0\u00a0\u00a0\u00a0\u00a0\u00a0\u00a0\u00a0\u00a0\u00a0\u00a0\u00a0\u00a0\u00a0\u00a0\u00a0\u00a0\u00a0\u00a0\u00a0\u00a0\u00a0\u00a0\u00a0\u00a0\u00a0\u00a0\u00a0\u00a0\u00a0\u00a0\u00a0\u00a0\u00a0\u00a0\u00a0\u00a0\u00a0\u00a0\u00a0\u00a0\u00a0\u00a0\u00a0\u00a0\u00a0\u00a0\u00a0\u00a0\u00a0\u00a0\u00a0\u00a0\u00a0\u00a0 Palermo 27\/09\/2013<\/p>\n<p>&nbsp;<\/p>\n<p>Mail.\u00a0 aldo.divita@hotmail.it\u00a0\u00a0 cell. 3493967434.<\/p>\n<p>&nbsp;<\/p>\n<p>&nbsp;<\/p>\n<p>&nbsp;<\/p>\n<p>Cenni storici\u00a0:<\/p>\n<p>&nbsp;<\/p>\n<p>L\u2019origine dell\u2019Orto Botanico di Palermo risale agli ultimi decenni del XVIII secolo, epoca in cui ha inizio, nel regno di Napoli e di Sicilia, una fase storica connotata da numerose riforme e da grandi aperture nel segno della cultura europea di marca illuministica.<\/p>\n<p>Evento determinante fu, nel 1779, la fondazione della Regia Accademia degli Studi di Palermo, corrispondente all\u2019attuale Universit\u00e0: con l\u2019istituzione della cattedra di Storia naturale e Botanica, l\u2019Accademia ottenne dal Senato cittadino di potere usufruire di un modesto appezzamento di terra sul Baluardo di Porta Carini per destinarlo ad Orto botanico che servisse alla ostensione dei \u2018semplici\u2019, ovvero alla coltivazione delle piante medicinali utili all\u2019insegnamento.<\/p>\n<p>A partire dal 1781, l\u2019Orto ebbe sede su quel baluardo dove prima si conservava la polveriera pubblica; ben presto per\u00f2 lo spazio a disposizione si rivel\u00f2 angusto e inadeguato alle esigenze didattiche, incapace di ulteriore sviluppo, tanto che, qualche anno dopo la sua fondazione, si iniziarono le pratiche per un suo trasferimento. La nuova sede venne individuata nel piano di S. Erasmo, su una piccola porzione delle terre della Vigna del Gallo possedute dal duca Ignazio Vanni d\u2019Archirafi, accanto alla pubblica Villa Giulia sorta nel 1777.<\/p>\n<p>Il nuovo Orto venne impiantato nella nuova sede a partire dal 22 febbraio 1789. Nel dicembre del 1795, con la conclusione dei lavori, cominciati appena sei anni prima, esso fu solennemente inaugurato.<\/p>\n<p>L\u2019Orto appena inaugurato e di cui fu primo direttore Giuseppe Tineo (1795-1812), si estendeva su uno spazio di soli 12 mila metri quadrati circa. Inizialmente ebbe\u00a0ingresso\u00a0sulla via che conduceva dallo Stradone di Sant\u2019Antonino, l\u2019attuale via Lincoln, al Piano di Sant\u2019Erasmo e che lo separava dalla Villa Giulia; successivamente, completati i lavori del Ginnasio, fu possibile accedere all\u2019Orto dall\u2019attuale ingresso sul fronte del nuovo complesso monumentale.<\/p>\n<p>Il giardino era ripartito in quattro appezzamenti rettangolari (quartini) separati da due viali ortogonali, con le collezioni ordinate da Bernardino da Ucria secondo il sistema di Linneo; corredavano l\u2019impianto del giardino fontane e vasche fra cui, all\u2019estremit\u00e0 meridionale, il magnifico Aquarium, dono dell\u2019allora arcivescovo di Palermo, Filippo Lopez y Royo.<\/p>\n<p>Il complesso monumentale si componeva di un edificio centrale, il\u00a0Gymnasium, sede della Schola Regia Botanices, che oltre a una sala ottagonale per conferenze comprendeva una galleria di studio, l\u2019Herbarium, e l\u2019alloggio per il direttore.<\/p>\n<p>Lateralmente vi erano un Calidarium e un Tepidarium. Tutto, ad eccezione dell\u2019Acquarium, era stato realizzato\u00a0 secondo il progetto dell\u2019architetto\u00a0 francese Le\u00f2n Dufourny, il quale, costretto a rientrare nel 1793 in Francia per motivi politici, non assistette n\u00e9 alla conclusione dei lavori n\u00e9 all\u2019inaugurazione dell\u2019Orto.<\/p>\n<p>Tra il 1796 e il primo ventennio del XIX secolo, furono operati diversi ampliamenti che conferirono all\u2019Orto l\u2019assetto poi conservato fino al 1896. Parti della Vigna del Gallo furono, infatti, acquisiti lungo l\u2019estremit\u00e0 meridionale e occidentale dell\u2019Orto, per impiantarvi un boschetto esotico e ricavarvi lo spazio dove fu poi sistemato il Giardino d\u2019inverno.<\/p>\n<p>Successivamente fu anche annesso lo stradone che separava l\u2019Orto dalla Villa Giulia e nel 1819, durante la direzione di Vincenzo Tineo, subentrato nella carica di direttore al padre Giuseppe, fu possibile un nuovo ulteriore ampliamento che permise di accrescere la superficie dell\u2019Orto di quasi un ettaro e di ingrandire, cos\u00ec, il boschetto gi\u00e0 esistente.<\/p>\n<p>I quarantaquattro anni di direzione di Vincenzo Tineo furono caratterizzati da numerosi tentativi, mai andati a buon fine, di aggiungere altri spazi all\u2019Orto, al fine di renderlo il pi\u00f9 possibile adeguato alle necessit\u00e0 della botanica, scienza nuova e in continua evoluzione.<\/p>\n<p>Le difficolt\u00e0 incontrate nel tentativo di annettere nuovi spazi devono spiegarsi, probabilmente, in relazione agli eventi che si verificarono in Sicilia durante la prima met\u00e0 del XIX secolo: i moti del \u201920 e del \u201948 generarono, infatti, una conflittualit\u00e0 tra Napoli e Palermo che port\u00f2 in frantumi il Regno; la Sicilia, in seguito alla creazione del Regno delle Due Sicilie, venne ridotta a lontana provincia e fin\u00ec con l\u2019essere amministrata nel malgoverno e nella speculazione; venne meno, soprattutto, l\u2019interesse per tutti quei centri di cultura, ora ritenuti causa di tali nefasti eventi e potenziale focolaio di fermenti rivoluzionari.<\/p>\n<p>Ebbe cos\u00ec fine il periodo in cui sovrani e nobilt\u00e0 facevano a gara per promuovere le scienze, periodo che aveva visto la nascita dell\u2019Orto e i suoi primi ampliamenti, ed ebbero inizio anni contrassegnati dal pi\u00f9 totale oscurantismo. In un tale frangente storico divenne quasi impossibile cogliere l\u2019occasione per ottenere un nuovo ampliamento: i tentativi del Tineo, come accennato, furono ripetutamente scoraggiati dall\u2019ostruzionismo delle locali autorit\u00e0 che opponevano continui e pretestuosi ostacoli. Anche il suo successore, Agostino Todaro , cerc\u00f2 in tutti i modi di dotare l\u2019Orto di spazi adeguati anche attraverso un\u2019eventuale permuta.<\/p>\n<p>L\u2019intento era quello di scambiare un fondo non direttamente confinante con l\u2019Orto che l\u2019Universit\u00e0 aveva acquistato nel 1820 con un terreno limitrofo, appartenente ai duchi Archirafi. La permuta e il conseguente ampliamento trov\u00f2 soluzione solo nel 1906 con l\u2019allora direttore, Antonino Borz\u00ec, dopo quasi cinquant\u2019anni di lotte e lungaggini burocratiche.<\/p>\n<p>Iconografica del Gimnasyum risalente al 1820 circa.<\/p>\n<p>Con l\u2019ulteriore acquisizione di un terreno fino ad allora appartenuto al vivaio comunale e ceduto, dallo stesso Comune, quale indennizzo per la parte sottratta all\u2019Orto sul lato di Via Archirafi per la realizzazione degli attuali istituti scientifici della Facolt\u00e0 di Scienze, si pervenne a quello che \u00e8 l\u2019assetto attuale.<\/p>\n<p>Ad Antonino Borz\u00ec, oltre al merito di avere portato a termine il tanto desiderato ampliamento del 1906, si deve anche la creazione, nel 1913, del Giardino coloniale.<\/p>\n<p>Parallelamente alle lotte compiute per l\u2019ampliamento dell\u2019Orto seguirono, a partire dagli ultimi decenni del XIX secolo, quelle finalizzate alla difesa del suo spazio. Prima il piano regolatore del 1886, successivo ad un\u2019epidemia di colera, poi quello di ricostruzione del 1946 prevedevano lo smembramento dell\u2019Orto e la costruzione di un asse stradale proprio al suo interno. Alla tenace opposizione del Todaro prima e di Francesco Bruno, direttore dell\u2019Orto tra il 1939 e il 1968, poi si deve la salvaguardia della sua integrit\u00e0. Sar\u00e0 Bruno ad ottenere, nel 1954, dopo una personale battaglia che coinvolse anche il mondo accademico e culturale palermitano, il voto unanime del Consiglio comunale di Palermo, con cui si deliberava la definitiva e integrale conservazione dell\u2019Orto Botanico.<\/p>\n<p>&nbsp;<\/p>\n<p>Autore universit\u00e0 degli studi della botanica Palermo.<\/p>\n<p>&nbsp;<\/p>\n<p>&nbsp;<\/p>\n<p><strong>\u00a0\u00a0\u00a0\u00a0\u00a0\u00a0\u00a0\u00a0\u00a0\u00a0\u00a0\u00a0\u00a0\u00a0\u00a0\u00a0\u00a0\u00a0\u00a0\u00a0\u00a0\u00a0\u00a0\u00a0\u00a0\u00a0\u00a0\u00a0\u00a0\u00a0\u00a0\u00a0\u00a0\u00a0\u00a0\u00a0\u00a0\u00a0 Manifesto documento<\/strong><\/p>\n<p>1986 \u2013 2013<\/p>\n<p>27 anni di precariato\u2026\u2026..<\/p>\n<p>Proviamo a raccontarci senza annoiarvi<\/p>\n<p>Premessa<\/p>\n<p>Siamo giardinieri a tempo determinato che da\u201d\u2026.. soli 27 anni\u2026.\u201d<\/p>\n<p>Lavorano presso l\u2019orto botanico dell\u2019universit\u00e0 di Palermo.<\/p>\n<p>Ventisette anni di rapporto lavorativo sostanzialmente \u201ccontinuativo\u201d fatto salvo le brevi interruzioni tra licenziamento (fine anno)e la riassunzione (inizio anno)<\/p>\n<p>Con una certa dose di ironia possiamo definirci \u201cprecari stabili\u201d che non avendo ottenuto una \u201cstabilizzazione definitiva\u201d, pi\u00f9 volte rivendicata,hanno raggiunto un livello di \u201cstabilita precaria\u201dche per la sua natura e destinata a scomparire.<\/p>\n<p>Le cause sono note da un lato la crisi economico-finanziaria (innegabile) e per la quale le uniche soluzioni possibili sembrano consistere elusivamente in tagli alla spesa (spendine review,patti di stabilit\u00e0 inderogabili),dall\u2019altro la scarsa sensibilit\u00e0 (innegabile)da parte delle istituzioni, universit\u00e0 in primis, evidentemente impegnate!in tutt\u2019altre questioni.da tutto ci\u00f2, la sgradevole sensazione che a breve anche la nostra categoria andr\u00e0 ad arricchire quel vasto bacino costituitola cassaintegrati e disoccupati cronici.<\/p>\n<p>Senza alcuna pretesa di privilegi non dovuti, ci sembra opportuno sottolineare che la nostra attivit\u00e0 lavorativa si svolge all\u2019interno di una realt\u00e0 quale l\u2019orto botanico,non un prodotto commerciale soggetto alle leggi \u201cdel Mercato\u201dma bene culturale (si pu\u00f2 ancora parlare di cultura?)patrimonio della collettivit\u00e0.<\/p>\n<p>Se non vi siete ancora annoiati allora vorrete sapere cosa \u00e9 successo durante questi 27 anni\u2026\u2026<\/p>\n<p>La storia ha inizio nel lontano 1986 con l\u2019assunzione di un primo nucleo costituito da 15 unit\u00e0.<\/p>\n<p>Tra il 1988 e il 1994 il contingente si arricchisce di altre 10 unit\u00e0,raggiungendo l\u2019attuale numero di 25 lavoratori.<\/p>\n<p>Tale assunzioni sono state possibili grazie all\u2019utilizzo della legge n\u00b038 del febbraio 1982,che l\u2019art. 2 recita\u2026.\u201dper le particolari esigenze degli orto botanici della facolt\u00e0 di agraria e facolt\u00e0 di veterinaria si pu\u00f2 ricorrere all\u2019assunzione di operai a tempo determinato (O.T.D) avvalendosi dei contratti generali stipulati per il settore agricolo integrati da contratti provinciali\u201d<\/p>\n<p>Le risorse finanziarie necessarie venivano erogate dal \u201cM.U.R.S.T.\u201d e allo scopo utilizzate.<\/p>\n<p>Tra la fine degli anni \u201880 e l\u2019inizio degli anni \u201990 l\u2019universit\u00e0 di Palermo utilizzer\u00e0 a piene mani la legge. 38\/82, ricorrendo ad assunzioni anche presso la facolt\u00e0 d\u2019agraria, e i campi sperimentali ad essa collegati, ritrovandosi in poco tempo con un contingente di O.T.D. di circa 180 unit\u00e0. (ci\u00f2 significa che attualmente oltre un centinaio di colleghi, distribuiti tra le diverse realt\u00e0 operative della suddetta facolt\u00e0, si trovano nelle stesse condizioni).<\/p>\n<p>All\u2019inizio degli anni \u201990 intervengono delle modifiche nell\u2019erogazione dei fondi pubblici, per cui le risorse destinate all\u2019assunzione degli O.T.D. non sono pi\u00f9 finalizzate, ma vengono inglobate nel totale dei finanziamenti che lo stato stanzia per le universit\u00e0.<\/p>\n<p>Da quel momento assistiamo anno dopo anno al progressivo depauperamento del capitolo del bilancio universitario destinato per gli O.T.D., con conseguente decurtazione dei gg. Lavorativeche da 180 passano a 101 e anche meno.<\/p>\n<p>Anche allora c\u2019era la crisi o erano subentrate altre e ben pi\u00f9 \u201cimportanti priorit\u00e0\u201d\u2026\u2026.?<\/p>\n<p>Per l\u2019orto botanico sono anni difficili, progressiva diminuzione (causa pensionamento) del personale in organico, la\u00a0 necessit\u00e0 di far fronte a nuove esigenze (fruizione\u2026.),n\u00b0. di gg.destinate agli O.T.D. del tutto inadeguato ad assicurare un minimo di servizi essenziali.<\/p>\n<p>La situazione migliora in qualche modo a partire dal 1996 grazie all\u2019approvazione da parte dell\u2019ARS della legge 19\/96, Che prevede l\u2019erogazione di un contributo annuale a sostegno delle attivit\u00e0 dei tre orti botanici siciliani (PA-CT-ME).<\/p>\n<p>Grazie all\u2019utilizzo di una quota del suddetto contributo il limite delle gg.\u2019 lavorative viene portato a 179, sempre insufficienti rispetto al reale fabbisogno della struttura, appena bastevole ad assicurare un livello reddituale di sopravvivenza ai lavoratori.<\/p>\n<p>Con la modalit\u00e0 si arriva al 2010, anno in cui la citata L.R. 19\/96 sprofonda in una sorta di crisi d\u2019identit\u00e0, dal momento che non era dato sapere se fosse ancora esistente, o fosse stata inglobata in quel buco nero che rispnde al nome di tabella H.<\/p>\n<p>Delle due purtroppo\u2026\u2026la seconda!<\/p>\n<p>Quindi si arriva ad oggi nelle seguenti condizioni:<\/p>\n<p>25 lavoratori fermi a 100 gg (a 101 scatta il licenziamento) in attesa di un incremento che potr\u00e0 essere ottenuto non prima che l\u2019istituzione abbia espletato una serie di adempimenti burocratici \u2013 amministrativi per ottenere un contributo secondo le nuove modalit\u00e0 previste sull\u2019utilizzo dei fondi della\u2026.tabella H\u2026.<\/p>\n<p>Con buona approssimazione riteniamo che non si andr\u00e0 oltre 30\/40 gg per lavoratore, per un totale di 140\/150 gg complessivi per il 2013.<\/p>\n<p>Riguardo l\u2019universit\u00e0 ha gi\u00e0 fatto sapere che per il 2014 potr\u00e0 garantire non pi\u00f9 di 51 gg.<\/p>\n<p>P.S.:<\/p>\n<p>Sul \u201cGiornale di Sicilia\u201d di marted\u00ec 17\/09\/2013 (inizio del nostro presidio) un\u2019intera pagina, \u00e8 dedicata alle iniziative da mettere in cantiere, per promuovere la candidatura di Palermo capitale della cultura per il 2019.<\/p>\n<p>Scorrendo i contenuti dell\u2019articolo si viene a conoscenza, che sono stati gi\u00e0 avviati interventi di recupero, su alcuni giardini storici tra cui l\u2019orto botanico.<\/p>\n<p>Sarebbe interessante sapere chi, come e quando ha\u00a0 avviato tali intereventi.<\/p>\n<p>&nbsp;<\/p>\n<p>Grati per l\u2019attenzione<\/p>\n<p>&nbsp;<\/p>\n<p>I giardinieri O.T.D. dell\u2019orto botanico.<\/p>\n<p>&nbsp;<\/p>\n<p>&nbsp;<\/p>\n<p>&nbsp;<\/p>\n<p>La repubblica<\/p>\n<p><strong>Giardinieri precari senza paga l&#8217;Orto botanico chiede aiuto<\/strong><\/p>\n<p>18 settembre 2013 \u2014 \u00a0 pagina 3 \u00a0 sezione: PALERMO<\/p>\n<p>IN AGITAZIONE i venticinque giardinieri stagionali dell&#8217;Orto botanico. Da agosto non percepiscono lo stipendio, tuttavia hanno continuato a operare gratuitamente nella struttura universitaria, innaffiando le aiuole, zappando, curando le collezioni botaniche uniche in Europa. Ieri gli operai, alcuni dei quali laureati, hanno avviato un presidio davanti all&#8217;ingresso di via Lincoln.<\/p>\n<p>\u00abNon possiamo abbandonare al suo destino un patrimonio inestimabile &#8211; dice Patrizia Gargano, portavoce del gruppo &#8211; le piante hanno bisogno di cure continue e occorre manodopera specializzata\u00bb.<\/p>\n<p>Gli operai agricoli a tempo determinato dell&#8217;Universit\u00e0 hanno cominciato la loro attivit\u00e0 nei primi anni Ottanta, grazie alla legge nazionale 38 che ha assicurato copertura finanziaria. Attualmente gli operai sono suddivisi fra l&#8217;Orto botanico, la facolt\u00e0 di Agraria, i campi sperimentali e il Policlinico, per complessive 180 unit\u00e0. Successivamente, con la legge regionale 19 del 1996 creata per i tre orti botanici siciliani, si \u00e8 aggiunta un&#8217;altra dotazione finanziaria per garantire la copertura delle giornate lavorative. I lavoratori dell&#8217;Orto botanico lavorano mediamente 101 giornate all&#8217;anno per assicurare i servizi essenziali. Ma adesso questa prospettiva \u00e8 venuta meno. Ieri il direttore dell&#8217;Orto botanico, Francesco Maria Raimondo, ha scritto al rettore Roberto Lagalla chiedendo un intervento finanziario.<\/p>\n<p>&#8211;\u00a0m. p<\/p>\n<p>&nbsp;<\/p>\n<p>Save the botanical gardens of Palermo and its temporary workers for a long course .<\/p>\n<p>&nbsp;<\/p>\n<p>The botanical gardens of Palermo risks paralysis for the unconventional social butchery , which continues to impose cuts in public spending .<\/p>\n<p>The botanical garden as well as being a cultural asset of the community and national and European level , and one of the most famous in the world with its 12,000 species of plants.<\/p>\n<p>Now is usual in this country that those who govern , makes use of cutting maneuvers and humiliating for the country at great risk , even those structures that represent our rich heritage artistic and cultural important for the survival of the country, fuel economy and , sectors such as tourism , culture , study and research.<\/p>\n<p>In the specific case of the botanical gardens , in addition to tourist attractions , the study of plants and research, you can see rare plants , that without such a structure would be eliminated .<\/p>\n<p>All this leads to the survival of the planet, because the study of botany and also the future of the environment in which we live .<\/p>\n<p>Without the necessary care and maintenance of plants, and the monumental structure that would be all down the drain.<\/p>\n<p>Will be significant damage to the culture , the study of botany and scientific research. In addition, the severe economic damage , which would reduce even more the presence of tourism in our city.<\/p>\n<p>And also important to remember that the architectural structure of the botanical garden , and a very important monumental and artistic value.<\/p>\n<p>At the time the property is faced with an unjust reality. The workers involved in the care of the plants , and maintenance of the structure, that currently have 27 years of highly specialized activities of gardening risk their jobs due to lack of economic funds .<\/p>\n<p>In these years of total insecurity term , with starvation wages they gave their full readiness to professional care of the botanical garden , with a great spirit of good will, even if underpaid , and forced to work in periods . Today calling for a certain job , and stable with a contract possibly humane and dignified manner . To continue to give with love, dedication and their vital contribution to the survival of the botanical garden , the best and the biggest in Europe.<\/p>\n<p>Today their work and, in serious danger , because the entire political class in Sicily in their inability can not find solutions for the good of the workers, in the good of the city of Palermo and culture.<\/p>\n<p>Who currently manages the botanical garden, and the University of Palermo botany department .<\/p>\n<p>As you know, for some time those who manage these institutions , they are often politicized , and we always end up getting bogged down in the quicksand of administrative bureaucracies . Atro proposed institution , and the region of Sicily, which had always lived the season of standing pat, where the only resource running, and the race for power where parties divide the seats , and the gentlemen politicians are paid to super heat the sun to protect their interests , but those of the people and the Region.<\/p>\n<p>Not enough to justify economic maneuvers , and indiscriminate cuts in public spending , and targeted to destroy areas of key importance for the economic survival of the country as tourism , study and scientific research. It is the duty of parliament to protect and ensure the development of the country by controlling , even the work of the various regions of Italy, and ensuring the economic need for coverage in specific cases .<\/p>\n<p>The institutions concerned with the issue (botanical gardens of Palermo ) , universities, and then the region have , in fact, implemented a plan of gradual dismissal , reduction of staff and working hours knowing that the staff has been living for years in a sort of insecurity infinity, which has lasted for 27 years , and consider this a real shame Italian , and a form of slave labor and halter , no future with payroll that offend the dignity of the worker.<\/p>\n<p>I appeal to common sense , and respect for the sovereignty of the people , the political masters of all national, regional and municipal administration , as long as you need to seriously mobilize the country to guarantee a future of quality , of the city of Palermo and the nation Length, in the eyes of the world always remembering that Italy and the cradle of civilization , and the history of all humanity, with an artistic and cultural heritage that must be defended by the apathy of some ill-advised and promoted in the world for its infinite beauty.<\/p>\n<p>&nbsp;<\/p>\n<p>Aldo Di Vita Palermo 27\/09\/2013<\/p>\n<p>&nbsp;<\/p>\n<p>Mail. aldo.divita @ hotmail.it cell . 3493967434 .<\/p>\n<p>&nbsp;<\/p>\n<p>&nbsp;<\/p>\n<p>&nbsp;<\/p>\n<p>A Brief History:<\/p>\n<p>&nbsp;<\/p>\n<p>The origin of the Botanical Garden of Palermo from the last decades of the eighteenth century , a time when there begins in the kingdom of Naples and Sicily , a historical period marked by numerous reforms and large openings in the sign of European culture brand Enlightenment .<\/p>\n<p>Defining event was , in 1779 , the founding of the Royal Academy of the University of Palermo , corresponding to the current University : With the establishment of the chair of Natural History and Botany, the Academy won the Senate citizen to use the power of a small plot of land on the Bulwark of Porta Carini and allocated to Botanical Garden to serve the exposition of the &#8216; simple &#8216; , or the cultivation of medicinal plants useful to teaching.<\/p>\n<p>Starting in 1781, the Garden was located on that bastion where the powder was kept before the public , but soon the space available proved cramped and inadequate to educational needs , incapable of further development , so that , a few years after his foundation, they began the paperwork for his transfer . The new location was identified in the plan of S. Erasmus, on a small portion of the lands of Vigna del Gallo owned by the Duke Ignatius Vanni d&#8217; Archirafi , next to the public Villa Giulia built in 1777.<\/p>\n<p>The new Garden was planted in the new location as of February 22, 1789 . In December of 1795 , with the completion of the work , which started just six years ago, it was solemnly inaugurated.<\/p>\n<p>The Garden just opened and he became its first director Giuseppe Tineo (1795-1812) , extended over an area of only 12,000 square meters. At first he had input on the path that led from the boulevard of St. Anthony , the current Lincoln street , the Plan of St. Erasmus and separating him from the Villa Giulia , and thereafter , following the completion of the Gymnasium , it was possible to access from all&#8217;Orto &#8216; current enters at the front of the new monumental complex .<\/p>\n<p>The garden was divided into four rectangular plots ( quatrains ) separated by two orthogonal paths , with collections ordered by Bernardino da Ucria according to the system of Linnaeus , originally located the plant of the garden fountains and basins including the southern end , the magnificent Aquarium, gift of the archbishop of Palermo, Filippo Lopez y Royo .<\/p>\n<p>The monumental complex was composed of a central building, the Gymnasium , home of the Schola Regia Botanices , which in addition to an octagonal room conference included a gallery of study, the Herbarium , and accommodation for the manager.<\/p>\n<p>Laterally there were a Roman Baths and a tepidarium . Everything, except the Aquarium , was made according to the design of French architect Leon Dufourny , who, forced to return to France in 1793 for political reasons, did not witness nor the conclusion of the work or the opening of the Garden.<\/p>\n<p>Between 1796 and the first two decades of the nineteenth century, were operated several expansions which gave all&#8217;Orto the set- up and retained until 1896 . Parts of the Vigna del Gallo were , in fact, acquired along the southern and western ends of the Garden, to plant a grove of trees and exotic ricavarvi space where he was later placed the Winter Garden .<\/p>\n<p>Later it was also attached to the main road that separated from the Garden Villa Giulia and in 1819, under the direction of Vincenzo Tineo , took over the office of director to his father Giuseppe was a new possible further expansion that helped increasing the surface area of the Garden of nearly an acre and larger , so the grove already exists.<\/p>\n<p>Forty-four years of the direction of Vincenzo Tineo were characterized by numerous attempts , never turned out well , to add more space all&#8217;Orto , in order to make it most suited to the needs of botany, new science and evolving .<\/p>\n<p>The difficulties encountered in the attempt to annex new areas should be explained , probably , in relation to the events that took place in Sicily during the first half of the nineteenth century : the riots of &#8217;20 and &#8217;48 begat , in fact, a conflict between Naples and Palermo that led the United shattered ; Sicily , following the creation of the Kingdom of the Two Sicilies , was reduced to a distant province and came to be administered in misrule and speculation ; was less, especially , his interest in all those centers culture, now known to cause these adverse events and potential outbreak of revolutionary ferment .<\/p>\n<p>Had thus end the period in which kings and nobles vied to promote the sciences , a period that saw the birth of the Garden and its first expansion, and began years marked by utter obscurity . In such a historical juncture it became almost impossible to take this opportunity to get a new expansion : the attempts of Tineo , as mentioned, were repeatedly discouraged obstructionism of the local authorities who opposed continuous and vexatious obstacles. His successor , Augustine Todaro , tried in every way to equip the Garden of adequate space through a possible exchange.<\/p>\n<p>The intent was to exchange a fund is not directly adjacent to the Garden that the University had purchased in 1820 with a neighboring land , belonging to the Dukes Archirafi . The barter and the consequent expansion solution found only in 1906 with the then director , Anthony Borz\u00ec , after almost fifty years of struggle and red tape .<\/p>\n<p>Iconographic Gimnasyum dating back to the 1820s .<\/p>\n<p>With the additional purchase of land until then belonged to the municipal nursery and sold , by the City Council , as compensation for the stolen all&#8217;Orto on the side of Via Archirafi for the realization of the current scientific institutes of the Faculty of Sciences , was reached to what is the current structure.<\/p>\n<p>To Antonino Borz\u00ec , in addition to the merit of having completed the much-desired expansion of 1906 is also responsible for the creation, in 1913 , the Colonial Garden .<\/p>\n<p>In parallel to the struggles carried out for the expansion of the Garden followed, starting from the last decades of the nineteenth century , those aimed at the defense of his space. Before the plan of 1886 , following an outbreak of cholera , then the reconstruction of 1946 envisaged the dismemberment of the Garden and the construction of a road axis just inside. The strong opposition of the first Todaro and Francesco Bruno , director of the between 1939 and 1968 , then you must safeguard its integrity. Bruno will be to obtain, in 1954 , after a personal battle that also involved the academic and cultural Palermo , the unanimous vote of the City Council of Palermo, with which they were debating the final and complete preservation of the Botanical Garden .<\/p>\n<p>&nbsp;<\/p>\n<p>Author university studies of botany Palermo.<\/p>\n<p>&nbsp;<\/p>\n<p>&nbsp;<\/p>\n<p>Manifesto document<\/p>\n<p>1986 &#8211; 2013<\/p>\n<p>27 years of insecurity &#8230;&#8230;..<\/p>\n<p>We try to tell without getting bored<\/p>\n<p>Introduction<\/p>\n<p>We are gardeners on a temporary basis by &#8221; &#8230;.. only 27 years old &#8230;. &#8221;<\/p>\n<p>Working at the botanical garden of the University of Palermo.<\/p>\n<p>Twenty-seven years of working relationship essentially &#8221; continuous &#8221; without prejudice to the short breaks between dismissal ( year-end) and the reinstatement ( YTD)<\/p>\n<p>With a certain amount of irony can we call ourselves &#8220;precarious stable &#8221; not having obtained a &#8221; final stabilization &#8221; , repeatedly claimed , have reached a level of &#8221; precarious stability &#8220;, which by its nature and destined to disappear.<\/p>\n<p>The causes are known on the one hand the economic and financial crisis ( undeniable ) and for which the only possible solutions seem to consist elusively in spending cuts ( spendine reviews, stability pacts mandatory ) , on the other hand the low sensitivity ( undeniable ) from institutions , universities in the first place , evidently engaged ! questioni.da everything in quite different , the unpleasant feeling that soon also our category will enrich the vast basin costituitola laid off and the chronically unemployed .<\/p>\n<p>Without any claim of privilege not due, we wish to highlight that our work takes place within a reality which the botanical garden, not a commercial product subject to the laws &#8221; of the market &#8221; but cultural property ( you can still talk of culture? ) heritage of the community.<\/p>\n<p>If you&#8217;re not already bored then you will want to know what has happened during these 27 years &#8230;&#8230;<\/p>\n<p>The story begins in 1986 with the hiring of a core group consists of 15 units .<\/p>\n<p>Between 1988 and 1994 the quota is enriched with 10 other units, to the current number of 25 workers .<\/p>\n<p>Such assumptions have been made possible thanks to the use of the law n \u00b0 38 of February 1982 art. 2 states &#8230;. &#8221; for the special requirements of the botanical garden of the Faculty of Agriculture and Faculty of Veterinary Medicine can be used employment of workers on fixed-term ( OTD ) making use of the general contracts entered into for the agricultural sector supplemented by provincial contracts &#8221;<\/p>\n<p>The necessary financial resources were provided by the &#8221; MURST &#8221; and used for this purpose .<\/p>\n<p>Between the late &#8217;80s and early &#8217;90s the University of Palermo will use both hands the law. 38\/82 , using assumptions also at the Faculty of Agricultural and experimental fields related to it , finding himself in no time with a contingent of OTD of about 180 units . (This means that currently over a hundred colleagues , distributed among its various operating companies of this faculty , are in the same condition) .<\/p>\n<p>In the early 90s of the changes involved in the provision of public funds, for which the resources allocated to the recruitment of OTD are no longer designed , but are incorporated in the total funding that the state allocates for universities.<\/p>\n<p>From that moment we see year after year to the progressive depletion of the university chapter of the budget intended for SDDs , with consequent curtailment of the day . Lavorativeche pass from 180 to 101 and even less.<\/p>\n<p>Even then there was the crisis or had been replaced by other, more &#8220;important priority&#8221; &#8230;&#8230;.?<\/p>\n<p>For the botanical garden are difficult years, progressive decrease ( due to retirement) of the permanent staff , the need to cope with new requirements ( use &#8230;.) , no. gg.destinate of the O.T.D. totally inadequate to ensure a minimum of essential services.<\/p>\n<p>The situation improved somewhat since 1996 thanks to the approval of the ARS of the law 19\/96 , which provides for the payment of an annual contribution to support the activities of the three botanical gardens in Sicily (PA -CT -ME) .<\/p>\n<p>Thanks to the use of a portion of such contribution limit of days . &#8216; Work is brought to 179 , still insufficient compared to the real needs of the structure, just bastevole to ensure a level of survival income workers .<\/p>\n<p>With the way you get to 2010, the year in which the aforementioned LR 19\/96 sinks into a sort of identity crisis , since it was not known if it still exists , or had been incorporated into the black hole that rispnde the table name H.<\/p>\n<p>Unfortunately, the second of the two &#8230;&#8230; !<\/p>\n<p>So you get to date under the following conditions :<\/p>\n<p>25 workers stopped at 100 days (per 101 clicks dismissal ) waiting for an increase that can not be obtained before the institution has carried out a series of bureaucratic &#8211; administrative obtain a contribution according to the new rules laid down on the use of funds of the table &#8230;. H &#8230;.<\/p>\n<p>With good approximation we believe that you will not go over 30 \/40 days per worker , for a total of 140\/ 150 days total for 2013.<\/p>\n<p>About the university has already indicated that for 2014 will guarantee no more than 51 days .<\/p>\n<p>P.S. :<\/p>\n<p>On the &#8221; Giornale di Sicilia&#8221; Tuesday, 17\/09\/2013 ( start of our garrison ) a whole page is devoted to the initiatives put in the yard , to promote the candidacy of Palermo capital of culture for 2019 .<\/p>\n<p>Scrolling the contents of the article you become aware , that have been started restoration work on some historic gardens , including the botanic garden .<\/p>\n<p>It would be interesting to know who, how and when initiated these intereventi .<\/p>\n<p>&nbsp;<\/p>\n<p>Grateful for the attention<\/p>\n<p>&nbsp;<\/p>\n<p>The gardeners O.T.D. the botanical garden.<\/p>\n<p>&nbsp;<\/p>\n<p>Speichern Sie die botanischen G\u00e4rten von Palermo und seine Leiharbeitnehmer f\u00fcr eine lange Strecke .<\/p>\n<p>&nbsp;<\/p>\n<p>Der Botanische Garten von Palermo riskiert L\u00e4hmung f\u00fcr die unkonventionelle sozialen Schl\u00e4chterei , die K\u00fcrzungen der \u00f6ffentlichen Ausgaben weiter zu verh\u00e4ngen .<\/p>\n<p>Der botanische Garten als auch als ein Kulturgut der Gemeinde und nationaler und europ\u00e4ischer Ebene , und einer der bekanntesten in der Welt mit seinen 12.000 Pflanzenarten.<\/p>\n<p>Jetzt ist es in diesem Land \u00fcblich, dass diejenigen, die regieren, Einsatz modernster Man\u00f6ver und dem\u00fctigend f\u00fcr das Land in gro\u00dfe Gefahr , auch die Strukturen, die unser reiches Erbe k\u00fcnstlerischen und kulturellen Bedeutung f\u00fcr das \u00dcberleben des Landes , Kraftstoffverbrauch und Branchen wie stellen macht wie Tourismus, Kultur , Studium und Forschung .<\/p>\n<p>Im speziellen Fall des Botanischen Gartens , zus\u00e4tzlich zu touristischen Attraktionen, die Untersuchung von Pflanzen und Forschung, k\u00f6nnen Sie sehen, seltene Pflanzen , die ohne eine solche Struktur w\u00fcrde eliminiert werden.<\/p>\n<p>All dies f\u00fchrt zu dem \u00dcberleben des Planeten , denn das Studium der Botanik und auch die Zukunft der Umwelt, in der wir leben.<\/p>\n<p>Ohne die notwendige Betreuung und Pflege von Pflanzen , und die monumentale Struktur, die alle den Bach runter w\u00e4re .<\/p>\n<p>Werden erhebliche Sch\u00e4den an der Kultur , das Studium der Botanik und der wissenschaftlichen Forschung sein . Dar\u00fcber hinaus ist die schwere wirtschaftliche Sch\u00e4den, die noch das Vorhandensein des Tourismus in unserer Stadt verringern w\u00fcrde .<\/p>\n<p>Und auch wichtig zu bedenken , dass die architektonische Struktur des Botanischen Gartens , und ein sehr wichtiges monumentalen und k\u00fcnstlerischen Wert.<\/p>\n<p>Zum Zeitpunkt der Eigenschaft wird mit einem ungerechten Wirklichkeit konfrontiert. Die Arbeiter in der Pflege der Pflanzen beteiligt sind, und die Wartung der Struktur , die derzeit \u00fcber 27 Jahren hoch spezialisierte T\u00e4tigkeiten der Gartenarbeit Risiko ihre Jobs wegen des Mangels an wirtschaftlichen Mitteln .<\/p>\n<p>In diesen Jahren der v\u00f6lligen Unsicherheit Begriff , mit Hungerl\u00f6hne gaben sie ihre volle Bereitschaft, professionelle Pflege des Botanischen Gartens , mit einem gro\u00dfen Geist des guten Willens , auch wenn unterbezahlt , und gezwungen, in Zeiten zu arbeiten. Heute ruft f\u00fcr eine bestimmte Aufgabe und stabil mit einem Vertrag m\u00f6glicherweise menschenw\u00fcrdige Behandlung . Um weiterhin mit Liebe , Hingabe und ihren wichtigen Beitrag f\u00fcr das \u00dcberleben des Botanischen Gartens , der beste und der gr\u00f6\u00dfte in Europa geben .<\/p>\n<p>Heute ihre Arbeit und in ernsthafte Gefahr , da die gesamte politische Klasse in Sizilien in ihrer Unf\u00e4higkeit, nicht finden k\u00f6nnen, L\u00f6sungen f\u00fcr das Wohl der Arbeiter , in das Wohl der Stadt Palermo und Kultur.<\/p>\n<p>Wer verwaltet derzeit den Botanischen Garten und die Universit\u00e4t von Palermo Botanik -Abteilung .<\/p>\n<p>Wie Sie wissen, seit einiger Zeit diejenigen, die diese Institutionen zu verwalten, werden sie oft politisiert , und wir am Ende immer zu verzetteln in den Treibsand der administrativen B\u00fcrokratien . Atro vorgeschlagen Institution und der Region Sizilien , die stets die Saison stand pat , wo die einzige Ressource l\u00e4uft gelebt hatte , und das Rennen um die Macht , wo Parteien teilen die Sitze, und die Herren Politiker zu super W\u00e4rme der Sonne zu sch\u00fctzen bezahlt ihre Interessen , sondern auch die der Menschen und der Region .<\/p>\n<p>Nicht genug, um wirtschaftliche Man\u00f6ver und wahllosen K\u00fcrzungen der \u00f6ffentlichen Ausgaben zu rechtfertigen, und gezielt auf Bereiche von zentraler Bedeutung f\u00fcr das wirtschaftliche \u00dcberleben des Landes als Tourismus , Studium und wissenschaftliche Forschung zu zerst\u00f6ren. Es ist die Pflicht des Parlaments zu sch\u00fctzen und die Entwicklung des Landes durch die Kontrolle , auch die Arbeit der verschiedenen Regionen Italiens und die Sicherstellung der wirtschaftlichen Notwendigkeit f\u00fcr die Berichterstattung in bestimmten F\u00e4llen .<\/p>\n<p>Die Institutionen mit dem Thema ( botanischen G\u00e4rten von Palermo) , Universit\u00e4ten, und dann die betreffende Region haben , in der Tat, einen Plan der schrittweisen Entlassung , Reduzierung von Personal und Arbeitszeit zu wissen, dass das Personal lebt seit Jahren in einer Art implementiert Unsicherheit Unendlichkeit, die f\u00fcr 27 Jahre gedauert hat , und betrachten dies als eine echte Schande Italienisch, und eine Form von Sklavenarbeit und Halfter , keine Zukunft mit Lohn beleidigen die W\u00fcrde des Arbeitnehmers.<\/p>\n<p>Ich appelliere an den gesunden Menschenverstand und die Achtung der Souver\u00e4nit\u00e4t des Volkes, die politischen Herren aller nationalen, regionalen und kommunalen Verwaltung, solange man ernsthaft das Land zu mobilisieren , um eine Zukunft der Qualit\u00e4t, der Stadt Palermo garantieren m\u00fcssen und die Nation L\u00e4nge , in den Augen der Welt immer daran erinnert, dass Italien und die Wiege der Zivilisation , und die Geschichte der ganzen Menschheit , mit einem k\u00fcnstlerischen und kulturellen Erbes , die von der Apathie von einigen schlecht beraten und gef\u00f6rdert in der Welt verteidigt werden muss f\u00fcr seine unendliche Sch\u00f6nheit .<\/p>\n<p>&nbsp;<\/p>\n<p>Aldo Di Vita Palermo 27.09.2013<\/p>\n<p>&nbsp;<\/p>\n<p>E-Mail. aldo.divita @ hotmail.it Zelle. 3493967434 .<\/p>\n<p>&nbsp;<\/p>\n<p>&nbsp;<\/p>\n<p>&nbsp;<\/p>\n<p>Eine kurze Geschichte :<\/p>\n<p>&nbsp;<\/p>\n<p>Der Ursprung des Botanischen Garten von Palermo aus den letzten Jahrzehnten des achtzehnten Jahrhunderts , eine Zeit, wenn es beginnt im Reich von Neapel und Sizilien , eine historische Periode durch zahlreiche Reformen und gro\u00dfe \u00d6ffnungen im Zeichen der europ\u00e4ischen Kultur Marke Aufkl\u00e4rung gepr\u00e4gt.<\/p>\n<p>Definieren Veranstaltung war , im Jahre 1779 , die Gr\u00fcndung der Royal Academy der Universit\u00e4t Palermo, entsprechend der aktuellen Universit\u00e4t: Mit der Gr\u00fcndung des Lehrstuhls f\u00fcr Naturgeschichte und Botanik, gewann die Akademie den Senat B\u00fcrger , die Macht einer kleinen verwenden Grundst\u00fcck auf dem Bollwerk der Porta Carini und zugeteilten Botanical Garden , um die Ausstellung des &#8220;einfachen&#8221; oder den Anbau von Heilpflanzen n\u00fctzlich Lehre dienen .<\/p>\n<p>Beginnend im Jahre 1781 wurde der Garten auf dieser Bastion , wo das Pulver vor der \u00d6ffentlichkeit geheim gehalten wurde , befindet sich aber bald der Platz erwies sich beengt und unzureichend, um F\u00f6rderbedarf , unf\u00e4hig Weiterentwicklung , so dass nur wenige Jahre nach seiner Gr\u00fcndung , begann sie die Formalit\u00e4ten f\u00fcr seine Versetzung . Der neue Standort wurde in den Plan von S. Erasmus identifiziert , auf einem kleinen Teil der L\u00e4ndereien von Vigna del Gallo von der Duke Ignatius Vanni d &#8216; Archirafi , neben dem \u00f6ffentlichen Villa Giulia in 1777 geh\u00f6rt.<\/p>\n<p>Der neue Garten wurde in den neuen Standort als der 22. Februar 1789 gepflanzt. Im Dezember des Jahres 1795 , mit dem Abschluss der Arbeiten , die nur sechs Jahren begann, wurde es feierlich eingeweiht.<\/p>\n<p>Der Garten gerade er\u00f6ffnet und er wurde ihr erster Direktor Giuseppe Tineo (1795-1812) , auf einer Fl\u00e4che von nur 12.000 Quadratmeter erweitert . Anfangs hatte er Eingang auf dem Weg, der vom Boulevard von St. Anthony , die aktuelle Lincoln Stra\u00dfe , der Plan von St. Erasmus und trennt ihn von der Villa Giulia , und danach f\u00fchrte hatte , nach dem Abschluss des Gymnasiums war es m\u00f6glich, von all&#8217;Orto &#8216;current zugreifen gelangt an der Vorderseite des neuen monumentalen Komplex .<\/p>\n<p>Der Garten wurde in vier rechteckigen Parzellen ( Vierzeiler ) durch zwei orthogonal Wege getrennt , mit Sammlungen von Bernardino da Ucria geordnet nach dem System von Linn\u00e9 , der urspr\u00fcnglich die Anlage befindet sich der Garten Brunnen und Becken einschlie\u00dflich s\u00fcdlichen Ende , das pr\u00e4chtige Aquarium unterteilt , Geschenk des Erzbischofs von Palermo, Filippo Lopez y Royo .<\/p>\n<p>Der monumentale Komplex wurde von einem zentralen Geb\u00e4ude , das Gymnasium , der Heimat der Schola Regia Botanices , die zus\u00e4tzlich zu einem achteckigen Raum Konferenz umfasste eine Galerie der Studie , das Herbarium und Unterkunft f\u00fcr den Manager aus .<\/p>\n<p>Seitlich gab es eine r\u00f6mische B\u00e4der und ein Tepidarium . Alles , au\u00dfer dem Aquarium, wurde nach dem Entwurf des Architekten Leon Dufourny Franz\u00f6sisch , der nach Frankreich im Jahre 1793 zur\u00fcck aus politischen Gr\u00fcnden gezwungen , nicht Zeuge noch den Abschluss der Arbeiten oder der Er\u00f6ffnung der Garten gemacht .<\/p>\n<p>Zwischen 1796 und den ersten beiden Jahrzehnten des neunzehnten Jahrhunderts wurden mehrere Erweiterungen , die all&#8217;Orto gab das Set-up und behielt bis 1896 betrieben . Teile der Vigna del Gallo waren in der Tat, entlang der s\u00fcdlichen und westlichen Enden der Garten, ein Hain von B\u00e4umen und exotischen ricavarvi Raum, in dem er sp\u00e4ter den Wintergarten gestellt wurde pflanzen erworben.<\/p>\n<p>Sp\u00e4ter wurde er auch auf der Hauptstra\u00dfe, die aus dem Garten Villa Giulia und 1819 getrennt angebracht , unter der Leitung von Vincenzo Tineo , \u00fcbernahm das Amt des Direktors an seinen Vater Giuseppe war eine neue m\u00f6gliche weitere Expansion, die Erh\u00f6hung der Oberfl\u00e4che der geholfen der Garten von fast einem Hektar und gr\u00f6\u00dfer, so der Hain ist bereits vorhanden.<\/p>\n<p>Forty-four Jahre Richtung Vincenzo Tineo durch zahlreiche Versuche wurden charakterisiert , nie stellte sich heraus gut , um mehr Platz all&#8217;Orto hinzuzuf\u00fcgen, damit es am besten geeignet , um die Bed\u00fcrfnisse der Botanik, neue Wissenschaft und weiterentwickelt.<\/p>\n<p>Die Schwierigkeiten bei dem Versuch, neue Anlage angetroffen sollte erkl\u00e4rt werden , wahrscheinlich werden , in Bezug auf die Ereignisse, die sich in Sizilien nahm in der ersten H\u00e4lfte des neunzehnten Jahrhunderts : die Unruhen von &#8217;20 und &#8217;48 zeugte in der Tat, ein Konflikt zwischen Neapel und Palermo , die die Vereinigten ersch\u00fcttert gef\u00fchrt, Sizilien, nach der Gr\u00fcndung des K\u00f6nigreichs beider Sizilien , wurde zu einer entfernten Provinz reduziert und kam in Misswirtschaft und Spekulationen verabreicht werden ; war weniger , vor allem , sein Interesse an all diesen Zentren Kultur , nun bekannt, dass diese Nebenwirkungen und m\u00f6glichen Ausbruch der revolution\u00e4ren G\u00e4rung verursachen.<\/p>\n<p>Hatte damit am Ende die Zeit, in der K\u00f6nige und Adligen wetteiferten um die Wissenschaften , eine Periode, die die Geburt des Gartens und seiner ersten Ausbaustufe sah zu f\u00f6rdern, und begann Jahren durch v\u00f6llige Dunkelheit markiert. In einem solchen historischen Augenblick wurde es fast unm\u00f6glich, diese Gelegenheit zu ergreifen, um eine neue Expansion zu bekommen : die Versuche von Tineo , wie erw\u00e4hnt, wurden wiederholt Obstruktion der \u00f6rtlichen Beh\u00f6rden , die kontinuierliche und \u00e4rgerliche Hindernisse entgegengesetzt abgeraten. Sein Nachfolger, Augustine Todaro , versuchte in jeder Hinsicht den Garten ausreichend Platz durch einen m\u00f6glichen Austausch auszustatten.<\/p>\n<p>Die Absicht war, tauschen ein Fonds nicht direkt neben dem Garten , dass die Universit\u00e4t im Jahr 1820 mit einem benachbarten Land gekauft hatte , der Herz\u00f6ge Archirafi . Der Tausch und die daraus resultierende Erweiterung L\u00f6sung fand nur im Jahr 1906 mit dem damaligen Direktor , Anthony Borzi , nach fast f\u00fcnfzig Jahren des Kampfes und der B\u00fcrokratie .<\/p>\n<p>Iconographic Gimnasyum stammt aus den 1820er Jahren .<\/p>\n<p>Mit dem Zukauf von Land bis dahin an den st\u00e4dtischen Kindergarten geh\u00f6rte und verkauft werden, vom Rat der Stadt , als Entsch\u00e4digung f\u00fcr die gestohlenen all&#8217;Orto auf der Seite der Via Archirafi f\u00fcr die Realisierung des aktuellen wissenschaftlichen Instituten der Fakult\u00e4t f\u00fcr Naturwissenschaften, war erreicht , was ist die derzeitige Struktur .<\/p>\n<p>Um Antonino Borzi , neben dem Verdienst, schloss die ersehnte Erweiterung des Jahres 1906 ist auch verantwortlich f\u00fcr die Erstellung, im Jahr 1913 , die Colonial Garden.<\/p>\n<p>Parallel zu den K\u00e4mpfen f\u00fcr den Ausbau der Garden durchgef\u00fchrt gefolgt , ausgehend von den letzten Jahrzehnten des neunzehnten Jahrhunderts, jener an der Verteidigung seines Raum abzielen. Vor dem Plan aus dem Jahr 1886 , nach einem Ausbruch der Cholera, dann die Rekonstruktion des Jahres 1946 sah die Zerst\u00fcckelung der Garden und den Bau einer Stra\u00dfe Achse nur innen. Die starke Opposition der ersten Todaro und Francesco Bruno , Direktor der zwischen 1939 und 1968 , dann m\u00fcssen Sie zum Schutz seiner Integrit\u00e4t . Bruno wird es sein, zu erhalten, im Jahr 1954 , nach einem pers\u00f6nlichen Kampf , dass auch die akademischen und kulturellen Palermo, die einstimmig von den Stadtrat von Palermo, mit denen sie diskutieren die endg\u00fcltige und vollst\u00e4ndige Erhaltung des Botanischen Gartens beteiligt waren.<\/p>\n<p>&nbsp;<\/p>\n<p>Autor Studium der Botanik Palermo.<\/p>\n<p>&nbsp;<\/p>\n<p>&nbsp;<\/p>\n<p>Manifest Dokument<\/p>\n<p>1986 &#8211; 2013<\/p>\n<p>27 Jahren Unsicherheit &#8230;&#8230;..<\/p>\n<p>Wir versuchen, ohne sich zu langweilen erz\u00e4hlen<\/p>\n<p>Einf\u00fchrung<\/p>\n<p>Wir sind G\u00e4rtner f\u00fcr einen befristeten Zeitraum von &#8220;&#8230;.. nur 27 Jahre alt &#8230;. &#8221;<\/p>\n<p>Arbeiten im Botanischen Garten der Universit\u00e4t Palermo.<\/p>\n<p>Siebenundzwanzig Jahre Zusammenarbeit im Wesentlichen &#8220;kontinuierlich&#8221; unbeschadet den kurzen Pausen zwischen Entlassung ( Jahresende) und die Wiedereinstellung (lfd. Jahr)<\/p>\n<p>Mit einer gewissen Ironie nennen wir uns &#8221; prek\u00e4ren stabil&#8221; nicht mit einem &#8221; endg\u00fcltigen Stabilisierung&#8221; erhalten , wiederholt behauptet , haben ein Niveau von &#8221; prek\u00e4ren Stabilit\u00e4t &#8220;, die ihrer Natur nach und bestimmt zu verschwinden. Erreicht<\/p>\n<p>Die Ursachen sind einerseits die Wirtschafts-und Finanzkrise ( unbestreitbare ) und bei denen die einzig m\u00f6glichen L\u00f6sungen scheinen elusively bestehen in Ausgabenk\u00fcrzungen ( spendine Bewertungen, Stabilit\u00e4tspakte obligatorisch), auf der anderen Seite die geringe Sensitivit\u00e4t ( unbestreitbare ) aus bekannten Institutionen, Universit\u00e4ten in erster Linie offenbar verlobt! questioni.da alles ganz anders , das unangenehme Gef\u00fchl , dass bald auch unsere Kategorie bereichern die gro\u00dfe Becken costituitola entlassen und chronisch arbeitslos wird .<\/p>\n<p>Ohne Anspruch des Privilegs nicht f\u00e4llig, m\u00f6chten wir betonen, dass unsere Arbeit stattfindet innerhalb einer Wirklichkeit, die der Botanische Garten , kein kommerzielles Produkt unterliegt den Gesetzen &#8220;des Marktes &#8220;, sondern Kulturgut ( kann man noch von Kultur sprechen? ) Erbe der Gemeinde.<\/p>\n<p>Wenn Sie nicht bereits gelangweilt sind , dann werden Sie wissen wollen, was w\u00e4hrend diesen 27 Jahren passiert &#8230;&#8230;<\/p>\n<p>Die Geschichte beginnt im Jahr 1986 mit der Einstellung von einer Kerngruppe besteht aus 15 Einheiten .<\/p>\n<p>Zwischen 1988 und 1994 ist die Quote mit 10 anderen Einheiten angereichert , um die aktuelle Zahl von 25 Arbeitnehmern .<\/p>\n<p>Solche Annahmen wurden m\u00f6glich dank der Verwendung des Gesetzes n \u00b0 38 Februar 1982 Technik verwiesen. 2 Staaten &#8230;. &#8221; F\u00fcr die speziellen Anforderungen des Botanischen Gartens der Fakult\u00e4t f\u00fcr Landwirtschaft und der Veterin\u00e4rmedizinischen Fakult\u00e4t kann die Besch\u00e4ftigung von Arbeitnehmern mit befristeten ( OTD ) die Nutzung der allgemeinen Vertr\u00e4ge, die f\u00fcr die Landwirtschaft von der Provinz Vertr\u00e4ge erg\u00e4nzt werden &#8221;<\/p>\n<p>Die notwendigen finanziellen Mittel wurden von der &#8221; MURST &#8221; zur Verf\u00fcgung gestellt und f\u00fcr diesen Zweck verwendet .<\/p>\n<p>Zwischen den sp\u00e4ten 80er und fr\u00fchen 90er Jahren an der Universit\u00e4t von Palermo wird mit beiden H\u00e4nden das Gesetz. 38\/82 , unter Verwendung von Annahmen auch an der Fakult\u00e4t f\u00fcr Landwirtschaft und experimentelle Felder rund um sie , der sich in k\u00fcrzester Zeit mit einem Kontingent von OTD von etwa 180 Einheiten . ( Dies bedeutet, dass derzeit mehr als hundert Kolleginnen und Kollegen, unter seinen verschiedenen operativen Gesellschaften der Fakult\u00e4t verteilt , im gleichen Zustand sind ) .<\/p>\n<p>In den fr\u00fchen 90er Jahren von den Ver\u00e4nderungen in der Bereitstellung \u00f6ffentlicher Mittel , f\u00fcr die die Mittel f\u00fcr die Rekrutierung von OTD nicht mehr ausgelegt sind beteiligt , sind aber in der Gesamtfinanzierung eingebaut , dass die staatlichen Universit\u00e4ten zuweist .<\/p>\n<p>Von diesem Moment sehen wir Jahr f\u00fcr Jahr auf die fortschreitende Verarmung der Universit\u00e4t Kapitel des Haushaltsplans f\u00fcr SDDs bestimmt sind, mit der Folge K\u00fcrzung des Tages. Lavorativeche 180-101 passieren und sogar noch weniger.<\/p>\n<p>Schon damals gab es die Krise oder hatte durch andere, &#8221; wichtige Priorit\u00e4t &#8221; ersetzt &#8230;&#8230;. ?<\/p>\n<p>F\u00fcr den Botanischen Garten sind schwierige Jahre , progressive Abnahme ( wegen Pensionierung ) der Stammbelegschaft , die Notwendigkeit, mit neuen Anforderungen ( verwenden &#8230;. ), keine zu bew\u00e4ltigen. gg.destinate der O.T.D. v\u00f6llig unzureichend , um ein Minimum an grundlegenden Dienstleistungen zu gew\u00e4hrleisten.<\/p>\n<p>Die Situation etwas verbessert seit 1996 dank der Zustimmung der ARS des Gesetzes 19\/96 , die f\u00fcr die Zahlung eines j\u00e4hrlichen Beitrags , um die Aktivit\u00e4ten der drei botanischen G\u00e4rten in Sizilien (PA- CT -ME) unterst\u00fctzen bietet .<\/p>\n<p>Durch die Verwendung eines Teils dieser Belastungsgrenze von Tagen. &#8221; Die Arbeit ist auf 179 gebracht , noch nicht ausreicht, um den realen Bed\u00fcrfnissen der Struktur , nur bastevole auf ein Niveau von \u00dcberleben Einkommen der Arbeitnehmer zu gew\u00e4hrleisten verglichen.<\/p>\n<p>Mit der Art und Weise erhalten Sie bis 2010 , dem Jahr, in dem die oben genannten LR 19\/96 versinkt in einer Art Identit\u00e4tskrise , da war es nicht bekannt, ob sie noch existiert , oder hatte sich in das schwarze Loch eingearbeitet , dass der Name der Tabelle rispnde H .<\/p>\n<p>Leider hat das zweite der beiden &#8230;&#8230; !<\/p>\n<p>So erhalten Sie unter den folgenden Bedingungen heute :<\/p>\n<p>25 Arbeiter hielten an 100 Tage ( pro 101 Klicks Entlassung ) wartet auf eine Erh\u00f6hung , die nicht erreicht werden kann, bevor das Institut eine Reihe von b\u00fcrokratischen durchgef\u00fchrt werden &#8211; administrative erhalten einen Beitrag nach den neuen Vorschriften \u00fcber die Verwendung von Mitteln des festgelegten Tabelle &#8230;. H &#8230;.<\/p>\n<p>Mit guter N\u00e4herung wir glauben , dass Sie nicht \u00fcber 30\/40 Tage je Arbeitnehmer gehen , f\u00fcr einen Gesamtbetrag von 140\/150 Tage Gesamt f\u00fcr 2013.<\/p>\n<p>\u00dcber die Universit\u00e4t hat bereits angedeutet, dass f\u00fcr das Jahr 2014 werden nicht mehr als 51 Tage zu garantieren.<\/p>\n<p>P.S. :<\/p>\n<p>Auf dem &#8221; Giornale di Sicilia &#8221; Dienstag, 17.09.2013 (Beginn unserer Garnison ) eine ganze Seite ist den Initiativen in den Garten setzen , um die Kandidatur von Palermo Kulturhauptstadt 2019 zu f\u00f6rdern gewidmet.<\/p>\n<p>Scrollen Sie den Inhalt des Artikels, den Sie sich bewusst , dass bereits Sanierungsarbeiten haben auf einigen historischen G\u00e4rten begonnen , einschlie\u00dflich des Botanischen Gartens.<\/p>\n<p>Es w\u00e4re interessant zu wissen, wer , wann und wie diese initiiert intereventi .<\/p>\n<p>&nbsp;<\/p>\n<p>Dankbar f\u00fcr die Aufmerksamkeit<\/p>\n<p>&nbsp;<\/p>\n<p>Die G\u00e4rtner O.T.D. der botanische Garten .<\/p>\n<p>&nbsp;<\/p>\n<p>&nbsp;<\/p>\n<p>&nbsp;<\/p>\n<p>die Republik<\/p>\n<p>G\u00e4rtner prek\u00e4ren ohne zu bezahlen den Botanischen Garten bittet um Hilfe<\/p>\n<p>18. September 2013 &#8211; Seite 3 Abschnitt : PALERMO<\/p>\n<p>IN R\u00dcHREN f\u00fcnfundzwanzig saisonalen G\u00e4rtner des Botanischen Gartens . Ab August erhalten keine Verg\u00fctung , jedoch weiterhin zu bedienen kostenlos in der Universit\u00e4t, die Bew\u00e4sserung der Beete , Hacken , k\u00fcmmert sich um den einzigartigen botanischen Sammlungen in Europa. Gestern haben die Arbeiter , von denen einige Hochschulabsolventen haben einen Protest vor dem Eingang zum Lincoln Street begonnen.<\/p>\n<p>&#8220;Wir k\u00f6nnen nicht seinem Schicksal aufzugeben ein unbezahlbares Erbe &#8211; sagt Patrizia Gargano , Sprecher der Gruppe &#8211; . Brauchen die Pflanzen konstanten Versorgung und notwendige qualifizierte Arbeitskr\u00e4fte &#8221;<\/p>\n<p>Landwirtschaftliche Arbeitnehmer fixiert die Universit\u00e4t begann ihre T\u00e4tigkeit in den fr\u00fchen achtziger Jahren , dank der 38 nationalen Rechts, die finanzielle Unterst\u00fctzung gesichert . Derzeit sind die Arbeiter zwischen dem Botanischen Garten , der Fakult\u00e4t f\u00fcr Landwirtschaft, Versuchsfelder und die Poliklinik , f\u00fcr insgesamt 180 Einheiten unterteilt. Anschlie\u00dfend hat das Regionalb\u00fcro Gesetz 19 des Jahres 1996 f\u00fcr die drei botanischen G\u00e4rten in Sizilien geschaffen , ein neues Budget hinzugef\u00fcgt um die Berichterstattung \u00fcber die Arbeitstage zu gew\u00e4hrleisten. Die Arbeiter des Botanischen arbeiten durchschnittlich von 101 Tagen im Jahr zu grundlegenden Dienstleistungen zu gew\u00e4hrleisten. Aber jetzt diese Perspektive ist fehlgeschlagen. Gestern schrieb der Direktor des Botanischen Gartens , Francesco Maria Raimondo , dem Rektor Roberto Lagalla fragen, f\u00fcr eine finanzielle Intervention .<\/p>\n<p>&#8211; M. p<\/p>\n<p>&nbsp;<\/p>\n<p>&nbsp;<\/p>\n<p>&nbsp;<\/p>\n<p>&nbsp;<\/p>\n<p>the Republic<\/p>\n<p>Gardeners precarious without pay the Botanical Garden asks for help<\/p>\n<p>September 18, 2013 &#8211; page 3 section: PALERMO<\/p>\n<p>IN STIRRING twenty-five seasonal gardeners of the Botanical Garden . From August do not receive salary, however, continued to operate free of charge in the university , watering the flower beds , hoeing , taking care of the unique botanical collections in Europe. Yesterday the workers, some of them university graduates , have started a protest outside the entrance to Lincoln Street .<\/p>\n<p>&#8220;We can not abandon to its fate a priceless heritage &#8211; says Patrizia Gargano , spokesman for the group &#8211; the plants need constant care and necessary skilled labor .&#8221;<\/p>\n<p>Agricultural workers fixed the University began their activities in the early eighties , thanks to the 38 national law which secured financial backing. Currently the workers are divided between the Botanical Garden , the Faculty of Agriculture , experimental fields and the Polyclinic, for a total of 180 units . Subsequently, the Regional Law 19 of 1996 created for the three botanical gardens in Sicily, has added another budget to ensure coverage of the working days . The workers of the Botanical work an average of 101 days a year to ensure essential services. But now this perspective has failed . Yesterday, the director of the Botanical Garden , Francesco Maria Raimondo , wrote to the rector Roberto Lagalla asking for a financial intervention .<\/p>\n<p>&#8211; M. p<\/p>\n<p>&nbsp;<\/p>\n<p><img decoding=\"async\" title=\"\" alt=\"\" src=\"https:\/\/fbcdn-sphotos-g-a.akamaihd.net\/hphotos-ak-prn2\/s720x720\/1379976_533610916719177_1043287970_n.jpg\" \/><\/p>\n<p><img decoding=\"async\" title=\"\" alt=\"\" src=\"https:\/\/fbcdn-sphotos-d-a.akamaihd.net\/hphotos-ak-prn2\/s720x720\/1379762_533611146719154_627637495_n.jpg\" \/><\/p>\n<p><img decoding=\"async\" title=\"\" alt=\"\" src=\"https:\/\/fbcdn-sphotos-f-a.akamaihd.net\/hphotos-ak-frc3\/s720x720\/1157481_533611330052469_856231114_n.jpg\" \/><\/p>\n<p><img decoding=\"async\" title=\"\" alt=\"\" src=\"https:\/\/fbcdn-sphotos-h-a.akamaihd.net\/hphotos-ak-prn2\/s720x720\/1378638_533611480052454_1690433381_n.jpg\" \/><\/p>\n<p><img decoding=\"async\" title=\"\" alt=\"\" src=\"https:\/\/fbcdn-sphotos-b-a.akamaihd.net\/hphotos-ak-prn1\/s720x720\/1378692_533611533385782_1740762914_n.jpg\" \/><\/p>\n<p>&nbsp;<\/p>\n<p><img decoding=\"async\" title=\"\" alt=\"\" src=\"https:\/\/fbcdn-sphotos-e-a.akamaihd.net\/hphotos-ak-prn1\/s720x720\/1235210_533611713385764_210663106_n.jpg\" \/><\/p>\n<p>&nbsp;<\/p>\n<\/div>\n","protected":false},"excerpt":{"rendered":"<p>L\u2019orto botanico di Palermo rischia la paralisi per la spregiudicata macelleria sociale che continua ad imporre tagli alla spesa pubblica. L\u2019orto botanico oltre ad essere un bene culturale e patrimoniale della collettivit\u00e0 nazionale ed Europea, \u00e8 uno dei pi\u00f9 famosi al mondo con le sue 12 mila specie di piante. Ormai \u00e8 usuale in questo &hellip; <a href=\"https:\/\/ilvaloredellepiccolecose.it\/?p=1392\" class=\"more-link\">Continua la lettura di <span class=\"screen-reader-text\">Salviamo l\u2019orto botanico di Palermo e i suoi lavoratori precari di lungo corso, di Aldo Di Vita<\/span> <span class=\"meta-nav\">&rarr;<\/span><\/a><\/p>\n","protected":false},"author":3,"featured_media":0,"comment_status":"open","ping_status":"open","sticky":false,"template":"","format":"standard","meta":{"ngg_post_thumbnail":0,"footnotes":""},"categories":[31],"tags":[],"class_list":["post-1392","post","type-post","status-publish","format-standard","hentry","category-ospiti"],"_links":{"self":[{"href":"https:\/\/ilvaloredellepiccolecose.it\/index.php?rest_route=\/wp\/v2\/posts\/1392","targetHints":{"allow":["GET"]}}],"collection":[{"href":"https:\/\/ilvaloredellepiccolecose.it\/index.php?rest_route=\/wp\/v2\/posts"}],"about":[{"href":"https:\/\/ilvaloredellepiccolecose.it\/index.php?rest_route=\/wp\/v2\/types\/post"}],"author":[{"embeddable":true,"href":"https:\/\/ilvaloredellepiccolecose.it\/index.php?rest_route=\/wp\/v2\/users\/3"}],"replies":[{"embeddable":true,"href":"https:\/\/ilvaloredellepiccolecose.it\/index.php?rest_route=%2Fwp%2Fv2%2Fcomments&post=1392"}],"version-history":[{"count":7,"href":"https:\/\/ilvaloredellepiccolecose.it\/index.php?rest_route=\/wp\/v2\/posts\/1392\/revisions"}],"predecessor-version":[{"id":1399,"href":"https:\/\/ilvaloredellepiccolecose.it\/index.php?rest_route=\/wp\/v2\/posts\/1392\/revisions\/1399"}],"wp:attachment":[{"href":"https:\/\/ilvaloredellepiccolecose.it\/index.php?rest_route=%2Fwp%2Fv2%2Fmedia&parent=1392"}],"wp:term":[{"taxonomy":"category","embeddable":true,"href":"https:\/\/ilvaloredellepiccolecose.it\/index.php?rest_route=%2Fwp%2Fv2%2Fcategories&post=1392"},{"taxonomy":"post_tag","embeddable":true,"href":"https:\/\/ilvaloredellepiccolecose.it\/index.php?rest_route=%2Fwp%2Fv2%2Ftags&post=1392"}],"curies":[{"name":"wp","href":"https:\/\/api.w.org\/{rel}","templated":true}]}}