{"id":1757,"date":"2014-03-17T10:01:57","date_gmt":"2014-03-17T10:01:57","guid":{"rendered":"http:\/\/ilvaloredellepiccolecose.it\/?p=1757"},"modified":"2014-03-17T10:02:06","modified_gmt":"2014-03-17T10:02:06","slug":"allauditorium-dellenel-di-roma-il-18-marzo-alle-h18-convegno-lottimismo-nelle-organizzazioni-resilienti","status":"publish","type":"post","link":"https:\/\/ilvaloredellepiccolecose.it\/?p=1757","title":{"rendered":"All&#8217;auditorium dell&#8217;Enel di Roma, il 18 marzo alle h18, convegno: &#8221; L&#8217;ottimismo nelle organizzazioni resilienti&#8221;."},"content":{"rendered":"<p>&nbsp;<\/p>\n<p><a href=\"http:\/\/ilvaloredellepiccolecose.it\/?attachment_id=1758\" rel=\"attachment wp-att-1758\"><img loading=\"lazy\" decoding=\"async\" class=\"alignnone size-full wp-image-1758\" alt=\"Oliverio-Ferraris-Oliverio_Pi\u00f9-forte-delle-avversit\u00e0_300\" src=\"http:\/\/ilvaloredellepiccolecose.it\/wp-content\/uploads\/2014\/03\/Oliverio-Ferraris-Oliverio_Pi\u00f9-forte-delle-avversit\u00e0_300.jpg\" width=\"300\" height=\"479\" srcset=\"https:\/\/ilvaloredellepiccolecose.it\/wp-content\/uploads\/2014\/03\/Oliverio-Ferraris-Oliverio_Pi\u00f9-forte-delle-avversit\u00e0_300.jpg 300w, https:\/\/ilvaloredellepiccolecose.it\/wp-content\/uploads\/2014\/03\/Oliverio-Ferraris-Oliverio_Pi\u00f9-forte-delle-avversit\u00e0_300-187x300.jpg 187w\" sizes=\"auto, (max-width: 300px) 100vw, 300px\" \/><\/a><\/p>\n<p>La Gidp <a href=\"http:\/\/www.gidp.it\/\" target=\"_blank\">http:\/\/www.gidp.it\/<\/a> ,\u00a0l&#8217;associazione direttori del personale che coordina le attivit\u00e0 nel Lazio,\u00a0 marted\u00ec 18 Marzo, alle ore 18, a Roma presso l&#8217;Auditorium Enel in via Mantova 24 presenter\u00e0 un seminario cui seguir\u00e0 un prezioso e attuale contributo del Prof. Oliverio sull&#8217;ottimismo come valore imprescindibile nelle organizzazioni di successo.<\/p>\n<p>In quella sede l&#8217;illustre cattedratico presenter\u00e0 anche un suo\u00a0 saggio dal titolo &#8221; Pi\u00f9 forti delle avversit\u00e0&#8221; che render\u00e0 ancora pi\u00f9 pregnante la discussione. L&#8217;incontro sar\u00e0 chiuso\u00a0 dall&#8217;intervento della Dr.ssa Erika Graci sulle criticit\u00e0 che spesso affliggono il clima organizzativo all&#8217;interno degli ambienti di lavoro.<br \/>\nSono tutti invitati, pregando di comunicare i propri dati e indicare il proprio job title nella funzione human resources, alla segreteria della Gidp &#8211; <a href=\"mailto:segreteria@gidp.it\">segreteria@gidp.it<\/a> \u00a0\u00a0&#8211;\u00a0 che \u00a0 provveder\u00e0 ad interessare la security dell&#8217;ente che gentilmente ospita l&#8217;evento\u00a0 per la predisposizione dei pass d&#8217;ingresso.<\/p>\n<p><strong>Paolo Cianci<\/strong><\/p>\n<p>GIDP<br \/>\nGRUPPO INTERSETTORIALE DIRETTORI DEL PERSONALE<br \/>\nDr. Cav. Paolo CIANCI<br \/>\nVice Presidente Aggiunto &#8211; Regione Lazio<\/p>\n","protected":false},"excerpt":{"rendered":"<p>&nbsp; La Gidp http:\/\/www.gidp.it\/ ,\u00a0l&#8217;associazione direttori del personale che coordina le attivit\u00e0 nel Lazio,\u00a0 marted\u00ec 18 Marzo, alle ore 18, a Roma presso l&#8217;Auditorium Enel in via Mantova 24 presenter\u00e0 un seminario cui seguir\u00e0 un prezioso e attuale contributo del Prof. Oliverio sull&#8217;ottimismo come valore imprescindibile nelle organizzazioni di successo. In quella sede l&#8217;illustre cattedratico &hellip; <a href=\"https:\/\/ilvaloredellepiccolecose.it\/?p=1757\" class=\"more-link\">Continua la lettura di <span class=\"screen-reader-text\">All&#8217;auditorium dell&#8217;Enel di Roma, il 18 marzo alle h18, convegno: &#8221; L&#8217;ottimismo nelle organizzazioni resilienti&#8221;.<\/span> <span class=\"meta-nav\">&rarr;<\/span><\/a><\/p>\n","protected":false},"author":3,"featured_media":0,"comment_status":"open","ping_status":"open","sticky":false,"template":"","format":"standard","meta":{"ngg_post_thumbnail":0,"footnotes":""},"categories":[10],"tags":[],"class_list":["post-1757","post","type-post","status-publish","format-standard","hentry","category-eventi"],"_links":{"self":[{"href":"https:\/\/ilvaloredellepiccolecose.it\/index.php?rest_route=\/wp\/v2\/posts\/1757","targetHints":{"allow":["GET"]}}],"collection":[{"href":"https:\/\/ilvaloredellepiccolecose.it\/index.php?rest_route=\/wp\/v2\/posts"}],"about":[{"href":"https:\/\/ilvaloredellepiccolecose.it\/index.php?rest_route=\/wp\/v2\/types\/post"}],"author":[{"embeddable":true,"href":"https:\/\/ilvaloredellepiccolecose.it\/index.php?rest_route=\/wp\/v2\/users\/3"}],"replies":[{"embeddable":true,"href":"https:\/\/ilvaloredellepiccolecose.it\/index.php?rest_route=%2Fwp%2Fv2%2Fcomments&post=1757"}],"version-history":[{"count":3,"href":"https:\/\/ilvaloredellepiccolecose.it\/index.php?rest_route=\/wp\/v2\/posts\/1757\/revisions"}],"predecessor-version":[{"id":1761,"href":"https:\/\/ilvaloredellepiccolecose.it\/index.php?rest_route=\/wp\/v2\/posts\/1757\/revisions\/1761"}],"wp:attachment":[{"href":"https:\/\/ilvaloredellepiccolecose.it\/index.php?rest_route=%2Fwp%2Fv2%2Fmedia&parent=1757"}],"wp:term":[{"taxonomy":"category","embeddable":true,"href":"https:\/\/ilvaloredellepiccolecose.it\/index.php?rest_route=%2Fwp%2Fv2%2Fcategories&post=1757"},{"taxonomy":"post_tag","embeddable":true,"href":"https:\/\/ilvaloredellepiccolecose.it\/index.php?rest_route=%2Fwp%2Fv2%2Ftags&post=1757"}],"curies":[{"name":"wp","href":"https:\/\/api.w.org\/{rel}","templated":true}]}}