{"id":3035,"date":"2019-02-11T15:10:17","date_gmt":"2019-02-11T15:10:17","guid":{"rendered":"http:\/\/ilvaloredellepiccolecose.it\/?p=3035"},"modified":"2019-02-11T15:10:17","modified_gmt":"2019-02-11T15:10:17","slug":"regionalismo-differenziato-cittadini-di-serie-a-b-e-c","status":"publish","type":"post","link":"https:\/\/ilvaloredellepiccolecose.it\/?p=3035","title":{"rendered":"Regionalismo differenziato. Cittadini di serie A, B e C?"},"content":{"rendered":"<h1><a href=\"http:\/\/ilvaloredellepiccolecose.it\/?attachment_id=3036\" rel=\"attachment wp-att-3036\"><img loading=\"lazy\" decoding=\"async\" class=\"alignnone size-full wp-image-3036\" src=\"http:\/\/ilvaloredellepiccolecose.it\/wp-content\/uploads\/2019\/02\/Foto-1-Biagio-Papotto.jpg\" alt=\"\" width=\"1200\" height=\"650\" srcset=\"https:\/\/ilvaloredellepiccolecose.it\/wp-content\/uploads\/2019\/02\/Foto-1-Biagio-Papotto.jpg 1200w, https:\/\/ilvaloredellepiccolecose.it\/wp-content\/uploads\/2019\/02\/Foto-1-Biagio-Papotto-300x163.jpg 300w, https:\/\/ilvaloredellepiccolecose.it\/wp-content\/uploads\/2019\/02\/Foto-1-Biagio-Papotto-768x416.jpg 768w, https:\/\/ilvaloredellepiccolecose.it\/wp-content\/uploads\/2019\/02\/Foto-1-Biagio-Papotto-1024x555.jpg 1024w\" sizes=\"auto, (max-width: 1200px) 100vw, 1200px\" \/><\/a><\/h1>\n<h2><\/h2>\n<p>Ci siamo, di nuovo; oppure \u2013 usando un\u2019espressione romanesca \u2013 ci \u201cfacciamo\u201d?\u00a0Vogliamo davvero, dopo aver portato il SSN sul ciglio del burrone, assestare la spinta definitiva e far precipitare milioni e milioni di cittadini in una situazione di abbandono?\u00a0Si, perch\u00e9 non ci sembra di esagerare se cos\u00ec definiamo il quadro che si sta lentamente ma \u2013 pare \u2013 inesorabilmente venendo a creare per la salute degli italiani.<\/p>\n<p>E quando scriviamo \u201citaliani\u201d forse stiamo scrivendo qualcosa di obsoleto, poich\u00e9 ce ne sono e ce ne saranno di diverse tipologie, ancor pi\u00f9 di adesso\u2026 Persone che \u2013 senza alcuna responsabilit\u00e0 diretta, se non essere residenti in una regione piuttosto che in un\u2019altra, magari a pochi km. di distanza \u2013 si comportano da cittadini onesti, pagano le tasse e\u2026 ottengono meno.<\/p>\n<p>Tutto questo a prescindere da qualsiasi motivazione che non sia quella geografica, territoriale!<\/p>\n<p>Se infatti si lasciasse passare sotto silenzio il tentativo di \u201csmantellare\u201d lo stato sociale con una autonomia amministrativa spinta, come nel caso delle maggiori autonomie accordate ad alcune regioni (che sono state da due illustri giuristi appropriatamente disegnate come in procinto di avere potest\u00e0 persino maggiori e pi\u00f9 ampie di quelle \u201ca statuto speciale\u201d), occorre riflettere seriamente su cosa \u2013 in breve tempo \u2013 potrebbe accadere allo Stato, nell\u2019accezione pi\u00f9 stringente. nel suo complesso.<br \/>\nSi, perch\u00e9 le proposte di maggiore autonomia asseverate dal governo presieduto dall\u2019on. Gentiloni parlano anche di maggiori titolarit\u00e0 nei rapporti di lavoro e financo nei rapporti con le istituzioni europee e quindi la politica estera\u2026 Ci rendiamo davvero bene conto di cosa stiamo rischiando?<\/p>\n<p>A stento riusciremmo ad accettare che le regioni abbiano potest\u00e0 su ambiente e tutela del territorio, perch\u00e9 \u2013 se da un lato \u00e8 ovvio che vi sia localmente una maggiore conoscenza &#8211; \u00e8 anche inconfutabilmente vero che l\u2019ambiente in se\u2019 rappresenta e deve rappresentare un \u201cunicum\u201d, il biglietto da visita dell\u2019Italia intera, e non di parti di essa. Allo scopo \u00e8 emblematico il luttuoso ricordo di Chernobyl, quando la nube tossica non ebbe certo riguardo alcuno per le nazioni pi\u00f9 diligenti in tema di salvaguardia dell\u2019ambiente.<\/p>\n<p>Ecco\u2026cosa vogliamo fare, in Italia? I cittadini delle regioni senza particolari autonomie, ma che pagano puntualmente le tasse, devono essere penalizzati e \u201cgodere\u201d di una redistribuzione delle sempre pi\u00f9 scarne risorse a disposizione, dopo che le ragioni pi\u00f9 ricche (e che si ritengono anche le pi\u00f9 brave) hanno trattenuto il 90% del gettito di riferimento dalle casse dello Stato italiano.<\/p>\n<p>In parole molto povere: io pago le tasse come tutti e \u2013 poich\u00e9 risiedo in una regione meno \u201cbrava\u201d &#8211; ricevo un trattamento peggiore?<br \/>\nStiamo scherzando? Non sono un cittadino italiano? C\u2019\u00e8 una serie A, una B, una C, come nel calcio? La \u201cN\u201d finale di SSN significa\u2026cosa? Negligente? Neghittoso? Nullatenente?<\/p>\n<p>Ci domandiamo se la Costituzione sia ancora osservata nella pienezza delle sue previsioni e non soltanto per sfruttare alcune \u201cpieghe\u201d nei suoi dettati.<br \/>\nNon \u00e8 neppure immaginabile il danno che deriverebbe dall\u2019adozione di misure parcellizzanti, al di l\u00e0 delle sacrosante affermazioni dei giuristi sopra richiamati, che intelligentemente fanno notare come il mancato mantenimento preter-decennale degli accordi causerebbe un collasso pressoch\u00e9 certo delle nuove situazioni venutesi a creare, oltre a richiedere pressoch\u00e9 in sincrono una maggiore autonomia delle regioni a statuto speciale, che si vedrebbero persino superate nella loro attuale condizione che fino ad oggi le distingueva.<\/p>\n<p>La CISL Medici ribadisce la propria totale contrariet\u00e0 ad uno \u201cspezzatino\u201d di competenze e trattamenti, a questo sempre pi\u00f9 concreto smantellamento dello stato sociale, e \u2013 come in passato \u2013 lotter\u00e0 con ogni possibile mezzo per contrastare queste spinte che si definiscono \u201cautonomiste\u201d ma si rivelano solo come egoiste.<\/p>\n<p><strong><em>Dott. Biagio Papotto<\/em><\/strong><br \/>\n<em>Segretario Generale della Cisl Medici<\/em><\/p>\n<p>Da <strong>QS <\/strong><\/p>\n","protected":false},"excerpt":{"rendered":"<p>Ci siamo, di nuovo; oppure \u2013 usando un\u2019espressione romanesca \u2013 ci \u201cfacciamo\u201d?\u00a0Vogliamo davvero, dopo aver portato il SSN sul ciglio del burrone, assestare la spinta definitiva e far precipitare milioni e milioni di cittadini in una situazione di abbandono?\u00a0Si, perch\u00e9 non ci sembra di esagerare se cos\u00ec definiamo il quadro che si sta lentamente ma &hellip; <a href=\"https:\/\/ilvaloredellepiccolecose.it\/?p=3035\" class=\"more-link\">Continua la lettura di <span class=\"screen-reader-text\">Regionalismo differenziato. Cittadini di serie A, B e C?<\/span> <span class=\"meta-nav\">&rarr;<\/span><\/a><\/p>\n","protected":false},"author":3,"featured_media":3036,"comment_status":"open","ping_status":"open","sticky":false,"template":"","format":"standard","meta":{"ngg_post_thumbnail":0,"footnotes":""},"categories":[5],"tags":[],"class_list":["post-3035","post","type-post","status-publish","format-standard","has-post-thumbnail","hentry","category-rassegna-stampa"],"_links":{"self":[{"href":"https:\/\/ilvaloredellepiccolecose.it\/index.php?rest_route=\/wp\/v2\/posts\/3035","targetHints":{"allow":["GET"]}}],"collection":[{"href":"https:\/\/ilvaloredellepiccolecose.it\/index.php?rest_route=\/wp\/v2\/posts"}],"about":[{"href":"https:\/\/ilvaloredellepiccolecose.it\/index.php?rest_route=\/wp\/v2\/types\/post"}],"author":[{"embeddable":true,"href":"https:\/\/ilvaloredellepiccolecose.it\/index.php?rest_route=\/wp\/v2\/users\/3"}],"replies":[{"embeddable":true,"href":"https:\/\/ilvaloredellepiccolecose.it\/index.php?rest_route=%2Fwp%2Fv2%2Fcomments&post=3035"}],"version-history":[{"count":1,"href":"https:\/\/ilvaloredellepiccolecose.it\/index.php?rest_route=\/wp\/v2\/posts\/3035\/revisions"}],"predecessor-version":[{"id":3037,"href":"https:\/\/ilvaloredellepiccolecose.it\/index.php?rest_route=\/wp\/v2\/posts\/3035\/revisions\/3037"}],"wp:featuredmedia":[{"embeddable":true,"href":"https:\/\/ilvaloredellepiccolecose.it\/index.php?rest_route=\/wp\/v2\/media\/3036"}],"wp:attachment":[{"href":"https:\/\/ilvaloredellepiccolecose.it\/index.php?rest_route=%2Fwp%2Fv2%2Fmedia&parent=3035"}],"wp:term":[{"taxonomy":"category","embeddable":true,"href":"https:\/\/ilvaloredellepiccolecose.it\/index.php?rest_route=%2Fwp%2Fv2%2Fcategories&post=3035"},{"taxonomy":"post_tag","embeddable":true,"href":"https:\/\/ilvaloredellepiccolecose.it\/index.php?rest_route=%2Fwp%2Fv2%2Ftags&post=3035"}],"curies":[{"name":"wp","href":"https:\/\/api.w.org\/{rel}","templated":true}]}}