{"id":3056,"date":"2019-02-28T13:00:14","date_gmt":"2019-02-28T13:00:14","guid":{"rendered":"http:\/\/ilvaloredellepiccolecose.it\/?p=3056"},"modified":"2019-03-01T13:01:10","modified_gmt":"2019-03-01T13:01:10","slug":"larcivescovo-di-palermo-che-accomuna-delinquenza-e-massoneria","status":"publish","type":"post","link":"https:\/\/ilvaloredellepiccolecose.it\/?p=3056","title":{"rendered":"L\u2019Arcivescovo di Palermo che accomuna delinquenza e Massoneria"},"content":{"rendered":"<h1 class=\"post-title\"><\/h1>\n<div class=\"post-meta\"><\/div>\n<div class=\"post-content\"><img decoding=\"async\" class=\"pull-left featured-image-post\" src=\"http:\/\/www.opinione.it\/media\/3887257\/corrado-lorefice.jpg?crop=0.18198529411764705,0,0.052849264705882325,0&amp;cropmode=percentage&amp;width=370&amp;height=272\" alt=\"L\u2019Arcivescovo di Palermo che accomuna delinquenza e Massoneria\" \/>\u201c<em>I responsabili e gli appartenenti alla Confraternite della Diocesi di Palermo non devono avere precedenti penali, in particolare per quanto riguarda reati di mafia e che con il loro comportamento provocano scandalo\u201d, anche se non \u00e8 chiaro cosa si intenda per scandalo, poich\u00e9 ce ne sono di varie forme e generi. Fin qua comunque siamo d\u2019accordo con lui, le cose sono decisamente in contrasto fra loro. Anime pie (i sacerdoti) e anime nere (i mafiosi) non possono convivere all\u2019interno di una Confraternita diocesana. Ma poi aggiunge: \u201ce non possono essere iscritti alla massoneria<\/em>\u201d.<\/p>\n<p>Ecco, ci risiamo. Questo accomunare la mafia alla massoneria ci lascia decisamente sbalorditi. In una Regione come la Sicilia, che ha dato i natali a illustri scrittori, uomini e donne della cultura, della scienza, della letteratura, dell\u2019arte, in una terra che ha dato i natali anche alla lingua italiana stessa, non ci aspettavamo di trovare tanta ignoranza preconcetta. Ma l\u2019Arcivescovo di Palermo, Sua Eccellenza Corrado Lorefice, questo stabilisce con un suo decreto pubblicato sul sito dell\u2019arcidiocesi.<\/p>\n<p>Paragonare la massoneria alla criminalit\u00e0, senza salvare nemmeno un iscritto, che magari ha sempre rigato dritto in tutta la sua esistenza e partecipa anche alle Messe domenicali, \u00e8 un buon marito, un buon padre di famiglia, sembra davvero ingiusto, perch\u00e9 potrebbe restarci male! Sarebbe come a dire che tutti i siciliani sono mafiosi, che tutti i calabresi sono infrequentabili, che tutti i sacerdoti sono pedofili, e bene ha fatto Papa Francesco a dedicare quattro giorni di studio su questo tema che sembra interessare in maniera elettiva gli appartenenti al clero. Attenzione Don Lorefice! Le parole hanno un peso specifico e inserito in un suo decreto non lasciano scampo al pensiero che mirava proprio ad offendere e ghettizzare qualcuno. Basta fare due pi\u00f9 due.<\/p>\n<p>Per quanto danno hanno fatto le ghettizzazioni al mondo, non ci sono pi\u00f9 volumi di Storia sufficienti. Ma per fortuna non tutta Santa Madre Chiesa cattolica la pensa come Sua Eccellenza Don Lorefice. Basta ricordare il dialogo con il Cardinale Ravasi o andare semplicemente sul web dove si scopre a riguardo che molte realt\u00e0 cattoliche sono disponibili al dialogo con una massoneria che cerca di fare del bene e di far crescere mentalmente, con lo studio, la lettura, la cultura e il confronto, il prossimo. E tutto questo, senza scomodare eroi del Risorgimento ed altre personalit\u00e0 che hanno dato lustro alla Nazione. Non sar\u00e0 che una mente aperta non \u00e8 corruttibile e quindi per questo c\u2019\u00e8 ancora certa parte della Chiesa cattolica che teme che gli esseri umani possano pensare in modo indipendente?<\/p>\n<p>Il Don di Palermo non ha fiducia neppure nelle certificazioni che si richiedono in Tribunale, i carichi pendenti e la fedina penale pulita, perch\u00e9 secondo lui \u201canche quella non \u00e8 indice di una vita pulita\u201d. Quanti delinquenti avranno la fedina pulita? Allora ritorno facilmente su quel pensiero di prima: sar\u00e0 cos\u00ec anche per tutti i siciliani, i calabresi e i preti? Ma anche i colombiani, i napoletani, perch\u00e9 non parliamo dei cinesi o degli africani?<\/p>\n<p>Per questo accogliamo la replica del Gran Maestro del Goi, Stefano Bisi, che risponde cos\u00ec all\u2019Arcivescovo:<\/p>\n<p><span class=\"immagineSinistra\"><img decoding=\"async\" src=\"http:\/\/www.opinione.it\/media\/3887255\/bisi-1.jpg?width=500&amp;height=333.203125\" alt=\"\" data-id=\"51214\" \/><\/span><\/p>\n<p><em>Gentile Eminenza<\/em><\/p>\n<p><em>Ci dispiace dover ancora una volta constatare che un vescovo di Santa Romana Chiesa accomuni ipse facto la Massoneria alla stessa stregua di associazioni mafiose o di persone condannate e che, con apposito decreto, neghi a persone oneste e di buoni costumi di far parte di confraternite per il solo ed esclusivo motivo di essere liberi muratori. Questo suo atto vescovile, per quanto legittimo possa apparire ai suoi occhi nella forma giuridica e nel merito, ci amareggia ed \u00e8 molto discutibile dal punto di vista morale per la palese discriminazione che innegabilmente investe e colpisce al cuore tanti cittadini e persone specchiate che hanno scelto di compiere anche un cammino religioso all\u2019interno delle Confraternite. Chi \u00e8 massone quindi non pu\u00f2 far pi\u00f9 parte di queste associazioni e dovr\u00e0 autodenunciarsi e rinunciare ad essere un bravo confratello come ha sempre fatto, mentre chi non \u00e8 ancora iscritto non potr\u00e0 mai presentare domanda d\u2019ingresso. Non le sembra che un simile provvedimento sia eccessivo oltre che discriminatorio e innalzi odiosi muri anzich\u00e9 costruire dei fecondi ponti di dialogo come ha spesso dichiarato Papa Bergoglio in numerose circostanze pubbliche? Non Le sembra che anche i massoni abbiano il sacrosanto diritto di professare come meglio credono la propria Fede e i propri valori cristiani?<\/em><\/p>\n<p><em>Nel 2016 anche il cardinale Gianfranco Ravasi, presidente del Pontificio Consiglio della Cultura, in un suo scritto pubblicato su IlSole24ore ha citato il documento dei vescovi tedeschi del 1983, sostenendo che non possono essere ignorati i punti di contatto fra Massoneria e Chiesa che trovano valori comuni nella dimensione comunitaria, nella dignit\u00e0 umana, nella lotta al materialismo, nella beneficenza. In questo senso si pu\u00f2 avere un libero confronto riducendo le distanze. Noi siamo e saremo sempre per la conciliabilit\u00e0 del dialogo e della Umana Ragione.<\/em><\/p>\n<p><em>Le ricordo che oggi pi\u00f9 che di provvedimenti restrittivi ci vorrebbe una profonda ed ampia azione pastorale volta a unire e non dividere le sensibilit\u00e0 religiose personali. Le vorrei poi fare notare che la Massoneria non \u00e8 un\u2019organizzazione segreta od occulta e che la sua azione illuminatrice rientra a pieno titolo fra quelle tutelate dalla Costituzione della Repubblica Italiana.<\/em><\/p>\n<p><em>Le vorrei segnalare altres\u00ec che il Grande Oriente d\u2019Italia sottopone a controlli rigorosissimi coloro che fanno richiesta d\u2019ingresso e che richiede i certificati penali da tempo immemore, cosa che la chiesa di Palermo ha appena attuato tramite il suo decreto vescovile.<\/em><\/p>\n<p><em>Naturalmente resta a tutt\u2019oggi pendente la questione della scomunica che &#8211; pur attenuata dalla modifica dell\u2019articolo 1374 del Codice Canonico con la scomparsa del preciso riferimento alla Massoneria e la trasformazione della \u201cscomunica\u201d in \u201cgiusta pena\u201d &#8211; pende tutt\u2019ora su milioni di liberi muratori. Una \u201cpena ingiusta\u201d ci appare sicuramente la sua decisione di escludere i massoni dalle Confraternite<\/em>.<\/p>\n<p>Cordiali saluti,<\/p>\n<p><strong>Stefano Bisi, Gran Maestro del Grande Oriente d\u2019Italia<\/strong><\/p>\n<p>In conclusione, teniamo a precisare che il Goi ha 850 sedi con oltre 23mila iscritti. Regola di ogni istituzione massonica \u00e8 di non avere pendenze legali. Nessuno riceve sconti su questo che \u00e8 un fatto. Sappiamo che in molti ambienti, a cominciare dalla Chiesa cattolica funziona alle volte in modo diverso: promoveatur ut amoveatur. Ma non in Massoneria: o dentro e righi dritto o fuori.<\/p>\n<p><strong>@vanessaseffer<\/strong><\/p>\n<\/div>\n","protected":false},"excerpt":{"rendered":"<p>\u201cI responsabili e gli appartenenti alla Confraternite della Diocesi di Palermo non devono avere precedenti penali, in particolare per quanto riguarda reati di mafia e che con il loro comportamento provocano scandalo\u201d, anche se non \u00e8 chiaro cosa si intenda per scandalo, poich\u00e9 ce ne sono di varie forme e generi. Fin qua comunque siamo &hellip; <a href=\"https:\/\/ilvaloredellepiccolecose.it\/?p=3056\" class=\"more-link\">Continua la lettura di <span class=\"screen-reader-text\">L\u2019Arcivescovo di Palermo che accomuna delinquenza e Massoneria<\/span> <span class=\"meta-nav\">&rarr;<\/span><\/a><\/p>\n","protected":false},"author":3,"featured_media":0,"comment_status":"open","ping_status":"open","sticky":false,"template":"","format":"standard","meta":{"ngg_post_thumbnail":0,"footnotes":""},"categories":[5],"tags":[],"class_list":["post-3056","post","type-post","status-publish","format-standard","hentry","category-rassegna-stampa"],"_links":{"self":[{"href":"https:\/\/ilvaloredellepiccolecose.it\/index.php?rest_route=\/wp\/v2\/posts\/3056","targetHints":{"allow":["GET"]}}],"collection":[{"href":"https:\/\/ilvaloredellepiccolecose.it\/index.php?rest_route=\/wp\/v2\/posts"}],"about":[{"href":"https:\/\/ilvaloredellepiccolecose.it\/index.php?rest_route=\/wp\/v2\/types\/post"}],"author":[{"embeddable":true,"href":"https:\/\/ilvaloredellepiccolecose.it\/index.php?rest_route=\/wp\/v2\/users\/3"}],"replies":[{"embeddable":true,"href":"https:\/\/ilvaloredellepiccolecose.it\/index.php?rest_route=%2Fwp%2Fv2%2Fcomments&post=3056"}],"version-history":[{"count":1,"href":"https:\/\/ilvaloredellepiccolecose.it\/index.php?rest_route=\/wp\/v2\/posts\/3056\/revisions"}],"predecessor-version":[{"id":3057,"href":"https:\/\/ilvaloredellepiccolecose.it\/index.php?rest_route=\/wp\/v2\/posts\/3056\/revisions\/3057"}],"wp:attachment":[{"href":"https:\/\/ilvaloredellepiccolecose.it\/index.php?rest_route=%2Fwp%2Fv2%2Fmedia&parent=3056"}],"wp:term":[{"taxonomy":"category","embeddable":true,"href":"https:\/\/ilvaloredellepiccolecose.it\/index.php?rest_route=%2Fwp%2Fv2%2Fcategories&post=3056"},{"taxonomy":"post_tag","embeddable":true,"href":"https:\/\/ilvaloredellepiccolecose.it\/index.php?rest_route=%2Fwp%2Fv2%2Ftags&post=3056"}],"curies":[{"name":"wp","href":"https:\/\/api.w.org\/{rel}","templated":true}]}}