{"id":3058,"date":"2019-02-20T13:03:54","date_gmt":"2019-02-20T13:03:54","guid":{"rendered":"http:\/\/ilvaloredellepiccolecose.it\/?p=3058"},"modified":"2019-03-01T13:04:47","modified_gmt":"2019-03-01T13:04:47","slug":"la-moda-degli-alberi-che-cascano","status":"publish","type":"post","link":"https:\/\/ilvaloredellepiccolecose.it\/?p=3058","title":{"rendered":"La moda degli alberi che cascano"},"content":{"rendered":"<div class=\"col-lg-9 col-sm-12 interna\">\n<h1 class=\"post-title\"><\/h1>\n<div class=\"post-meta\"><\/div>\n<div class=\"post-content\"><img decoding=\"async\" class=\"pull-left featured-image-post\" src=\"http:\/\/www.opinione.it\/media\/3886774\/albero.jpg?crop=0.049007352941176467,0,0.044356617647058852,0&amp;cropmode=percentage&amp;width=370&amp;height=272\" alt=\"La moda degli alberi che cascano\" \/>Lo ammetto, ero ancora un po\u2019 assonnata, e l\u00ec per l\u00ec non avevo fatto caso alle parole del tassista. Alle 7,30 del mattino via Nomentana comincia ad essere un serpentone continuo di automobili. E poi, anche se erano suonate magari un po\u2019 anomale le parole del conducente, davvero non avevo capito perch\u00e9 una sosta prolungata davanti al semaforo rosso, mentre il tassametro cadenzava con puntualit\u00e0 l\u2019aumento della tariffa, gli avesse determinato quella uscita: \u201cNon mi piace stare qui fermo\u201d.<\/p>\n<p>Non \u00e8 mia abitudine soffermarmi nei dialoghi di circostanza, i percorsi in taxi sono una buona occasione per riordinare le idee o anche solo per godere di minuti di silenzio. \u201cChe succede?\u201d, mi sono trovata a dire. \u201cNon mi piace stare fermo sotto gli alberi, cascano. Ormai \u00e8 una moda, ne casca uno e cominciano a cascarne altri. Una moda\u201d.<\/p>\n<p>La suggestione si sa \u00e8 un attimo, e la paura ha tempi ancora pi\u00f9 corti. Neanche troppo furtivamente l\u2019occhio ha cominciato ad interessarsi ai platani, ai pini, ai lecci, insomma a tutto quello che aveva un tronco imponente, dei rami importanti e delle foglie. Le foglie per\u00f2 solo come elemento accessorio, tanto quelle cascano, ma fanno altri tipi di danno (<a href=\"http:\/\/www.opinione.it\/societa\/2018\/11\/02\/vanessa-seffer_roma-foglie-tombini-alberi-caduti-neolaureati-medicina-pulire-strade\/\">\u201cLa medicina ed il sogno di una notte di mezzo autunno\u201d<\/a>).<\/p>\n<p>La vista della Stazione Termini \u00e8 stata un sollievo. Che strano, vedere Termini col suo variegato e multiforme deposito di varia umanit\u00e0 e definirlo un sollievo, i misteri della mente. Biglietto, treno, carrozza e via. Ma il pensiero rimane. Gli alberi che cascano quasi a volersi imitare. S\u00ec, un po\u2019 come le sciagure aeree, non vengono mai sole ci avete fatto caso?<\/p>\n<p>Ottobre 2018: \u201cMaltempo, limitare spostamenti per vento forte\u201d. \u00c8 lo stringato messaggio pubblicato sull\u2019account ufficiale Twitter del Comune, firmato dal dipartimento della Protezione civile di Roma Capitale. Una strage di alberi, un autentico bollettino di guerra. Il tweet era stato profetico, facile fare previsioni quando il vento soffia forte alla velocit\u00e0 di 100 chilometri all\u2019ora, una velocit\u00e0 che Valentino Rossi non prende neanche in considerazione quando scende in pista. Circa trecento interventi dei vigili, la chiusura temporanea dell\u2019area archeologica del Colosseo a tutela dell\u2019 incolumit\u00e0 dei cittadini ai quali venne vietato anche l\u2019accesso ai cimiteri e ai principali parchi della Capitale.<\/p>\n<p>Polemiche successive, il teatrino della politica, Raggi s\u00ec Raggi no, vi risparmio il ricordo delle manfrine. Per\u00f2 qualche giorno fa di vento non c\u2019era neanche un accenno eppure un gran bel pino \u00e8 caduto in strada a Corso Trieste a Roma proprio davanti al Liceo classico Giulio Cesare. E dire che quel liceo ne ha viste tante tra occupazioni, proteste omofobe, assalti neofascisti, docenti denunciati per avere proposto la lettura di libri sui diritti degli omosessuali. Eppure ad un certo punto tunf, o tumb, o bam o come diavolo fa un albero che decide di cadere e vuole fare l\u2019onomatopeico con buona pace dei passerotti terrorizzati ai quali a quel punto proprio non viene in mente di cinguettare. Sul posto squadre di Vigili del fuoco, strada chiusa, folla di curiosi tenuti a debita distanza di sicurezza, i proprietari di due auto parcheggiate, danneggiate e da rottamare, nel pieno degli esercizi spirituali con il calendario gregoriano come testo di riferimento.<\/p>\n<p>Per\u00f2 adesso anche gli uccellini di Roma hanno i requisiti per richiedere il reddito di cittadinanza e li vedremo in fila nei Caf o negli uffici postali dal 6 marzo. Virginia Raggi s\u00ec, Raggi no. Stavolta \u00e8 andata bene. Il treno \u00e8 arrivato puntuale a Milano. Stavolta \u00e8 andata davvero bene: nessuna vittima come conseguenza della caduta dell\u2019albero. Poteva essere una strage. Possiamo continuare ad affidarci al classico colpo di\u2026 fortuna?<\/p>\n<p><strong>@vanessaseffer<\/strong><\/p>\n<\/div>\n<\/div>\n<div class=\"col-lg-3 col-sm-12 sidebar\"><\/div>\n","protected":false},"excerpt":{"rendered":"<p>Lo ammetto, ero ancora un po\u2019 assonnata, e l\u00ec per l\u00ec non avevo fatto caso alle parole del tassista. Alle 7,30 del mattino via Nomentana comincia ad essere un serpentone continuo di automobili. E poi, anche se erano suonate magari un po\u2019 anomale le parole del conducente, davvero non avevo capito perch\u00e9 una sosta prolungata &hellip; <a href=\"https:\/\/ilvaloredellepiccolecose.it\/?p=3058\" class=\"more-link\">Continua la lettura di <span class=\"screen-reader-text\">La moda degli alberi che cascano<\/span> <span class=\"meta-nav\">&rarr;<\/span><\/a><\/p>\n","protected":false},"author":3,"featured_media":0,"comment_status":"open","ping_status":"open","sticky":false,"template":"","format":"standard","meta":{"ngg_post_thumbnail":0,"footnotes":""},"categories":[5],"tags":[],"class_list":["post-3058","post","type-post","status-publish","format-standard","hentry","category-rassegna-stampa"],"_links":{"self":[{"href":"https:\/\/ilvaloredellepiccolecose.it\/index.php?rest_route=\/wp\/v2\/posts\/3058","targetHints":{"allow":["GET"]}}],"collection":[{"href":"https:\/\/ilvaloredellepiccolecose.it\/index.php?rest_route=\/wp\/v2\/posts"}],"about":[{"href":"https:\/\/ilvaloredellepiccolecose.it\/index.php?rest_route=\/wp\/v2\/types\/post"}],"author":[{"embeddable":true,"href":"https:\/\/ilvaloredellepiccolecose.it\/index.php?rest_route=\/wp\/v2\/users\/3"}],"replies":[{"embeddable":true,"href":"https:\/\/ilvaloredellepiccolecose.it\/index.php?rest_route=%2Fwp%2Fv2%2Fcomments&post=3058"}],"version-history":[{"count":1,"href":"https:\/\/ilvaloredellepiccolecose.it\/index.php?rest_route=\/wp\/v2\/posts\/3058\/revisions"}],"predecessor-version":[{"id":3059,"href":"https:\/\/ilvaloredellepiccolecose.it\/index.php?rest_route=\/wp\/v2\/posts\/3058\/revisions\/3059"}],"wp:attachment":[{"href":"https:\/\/ilvaloredellepiccolecose.it\/index.php?rest_route=%2Fwp%2Fv2%2Fmedia&parent=3058"}],"wp:term":[{"taxonomy":"category","embeddable":true,"href":"https:\/\/ilvaloredellepiccolecose.it\/index.php?rest_route=%2Fwp%2Fv2%2Fcategories&post=3058"},{"taxonomy":"post_tag","embeddable":true,"href":"https:\/\/ilvaloredellepiccolecose.it\/index.php?rest_route=%2Fwp%2Fv2%2Ftags&post=3058"}],"curies":[{"name":"wp","href":"https:\/\/api.w.org\/{rel}","templated":true}]}}